{"id":226513,"date":"2022-11-03T15:24:17","date_gmt":"2022-11-03T13:24:17","guid":{"rendered":"https:\/\/www.gmf.eus\/2022ko-eskolarteko-vi-orientazio-lehiaketa\/"},"modified":"2022-11-03T15:26:59","modified_gmt":"2022-11-03T13:26:59","slug":"2022ko-eskolarteko-vi-orientazio-lehiaketa","status":"publish","type":"post","link":"https:\/\/www.gmf.eus\/eu\/2022ko-eskolarteko-vi-orientazio-lehiaketa\/","title":{"rendered":"2022ko Eskolarteko VI. Orientazio Lehiaketa"},"content":{"rendered":"\n<p><strong>1- Aurkezpena:<\/strong> Eskola-umeek orientazioa mendian bertan praktikatzeko eta norberak iparorratzaz dituen trebeziak erakutsi ahal izateko, Gipuzkoako Mendizale Federazioak eta Gipuzkoako Orientazio Taldeak Gipuzkoako Eskolarteko VI Orientazioko Lehiaketa\u00b422 antolatu dute. Ez da podiumik egongo (1., 2., 3. eta abar).<\/p>\n\n\n\n<p><strong>2- Egunak eta lekuak:<\/strong><\/p>\n\n\n\n<ul class=\"wp-block-list\"><li><strong>Azaroaren 12an Ulia<\/strong> (Donostia).<\/li><\/ul>\n\n\n\n<p><strong>3- Partaideak eta mailak<\/strong>: Gipuzkoako ikastetxeetako neska-mutil guztiek har dezakete parte. Maila guztiak kadetetaraino, hau da, 16 urtera arte (barne).<\/p>\n\n\n\n<p><strong>4- Izen-ematea:<\/strong> probaren aurreko asteartea baino lehen internet bidez elkarte antolatzailean: GOT Gipuzkoako Orientazio Taldea. <strong><a href=\"http:\/\/www.GOTorientazioa.org\" target=\"_blank\" rel=\"noreferrer noopener\">www.GOTorientazioa.org<\/a><\/strong>. <strong>3 \u20ac<\/strong> bakarkako partaideko eta <strong>5 \u20ac familiako<\/strong>. Izen-emateko orria betetzea derrigorrezkoa da. Ez bidali Federaziora.<\/p>\n\n\n\n<ul class=\"wp-block-list\"><li>Izen-emateak honakoak jasotzeko eskubidea ematen du: mapa 1 partaideko edo familiako, hornidura (Eskaintzen bada).<\/li><\/ul>\n\n\n\n<p><strong>5- Harrera:<\/strong> Harrera eta irteera lekua astebete lehenago <a href=\"http:\/\/www.GOTorientazioa.org\"><strong>www.GOTorientazioa.org<\/strong><\/a><strong> <\/strong>webgunean jakinaraziko da.<\/p>\n\n\n\n<p>Atera baino lehen partaide guztiek beren parte-hartzea harrera mahaian baieztatu beharko dute. Bertan jasoko dute partehartzaileek beharko duten matxarda edo pintza eta laguntzaileak ere erregistratuko dira. Amaitzean, derrigorrezkoa izango da pintza itzultzea eta proba amaitu dela jakinaraztea.<\/p>\n\n\n\n<p><strong>6- Ordutegia: <\/strong>irteerak piskanaka emango dira 13:30etatik aurrera.<\/p>\n\n\n\n<p><strong>7- Froga sistema eta helburuak: <\/strong>eskola kiroleko proban 3 ibilbideetako bat aukeratu ahal izango da.<\/p>\n\n\n\n<ul class=\"wp-block-list\"><li>Ibilbide horia.<\/li><li>Ibilbide laranja.<\/li><li>Ibilbide gorria.<\/li><\/ul>\n\n\n\n<p>Bakarka, taldean edo familian parte hartu ahal izango da. Mendian zehar kokatuko diren balizak bilatu beharko dituzte partaideek, nagusiki mapaz lagunduta eta iparorratzaz ere, edukiz gero. Antolatzaileek ibilbidean zehar jarritako ordenean bilatu beharko dira balizak.<\/p>\n\n\n\n<ul class=\"wp-block-list\"><li>Helburuak: kirol orientazioa ezagutzea, praktikarekin ondo pasatzea eta mendiko balizak bilatzea.<\/li><\/ul>\n\n\n\n<p><strong>8- Material gomendagarria:<\/strong> mendian ibiltzeko jantzi egokiak. Galtza motzak saihestu, sastrakak eta adarrak egon bait daitezke. Zola takeatua duten oinetakoak eramatea gomendatzen da (ez da beharrezkoa). Iparorratza eramatea gomendagarria da (baina, ez edukitzekotan, antolatzaileek maileguan utziko dituzte iparorratzak bukatu arte). Maskarilla eta norbanako gel hidroalkolikoa.<\/p>\n\n\n\n<p><strong>9- Lehen sorospenak:<\/strong> sorospen zerbitzua izango da.<\/p>\n\n\n\n<p><strong>10- Zaborra: <\/strong>parte-hartzaileek sortzen duten zaborra beraiek jaso beharko dute beren motxilan edo antolatzaileek jarritako zaborrontzietan.<\/p>\n\n\n\n<p><strong>11- Joan-etorria: <\/strong>berebil partikularrak erabiltzeak, arazo desberdinak sor ditzake: segurtasunezkoa, trafikozkoa, aparkalekukoa, CO<sup>2&nbsp;&nbsp; <\/sup>igorpenak, etab. Garraio kolektiboa erabili. TALDEAN GOAZ!<strong>&nbsp;<\/strong><\/p>\n\n\n\n<p><strong>12- Ezustekoak: <\/strong>ezustekoren bat gertatuz gero, antolatzaileen esku egongo da zer egin erabakitzea.<\/p>\n\n\n\n<p><strong>13- Argazkiak eta bideoa:<\/strong> jarduera publikoak izanik, argazkiak eta bideo irudiak hartuko dira. Irudiok seguraski, bai prentsan bai Federazioaren webgunean eta bai elkarte antolatzailearenean argitaratuko dira.<\/p>\n\n\n\n<p><strong>15- Oharra:<\/strong> probetan izen-emateak antolakuntzako baldintzak onartzea dakar berarekin.<\/p>\n\n\n\n<p><strong>IZEN-EMATEKO BOLETINA:<\/strong><\/p>\n\n\n\n<p>Web honetan: <strong><a href=\"http:\/\/www.GOTorientazioa.org\" target=\"_blank\" rel=\"noreferrer noopener\">www.GOTorientazioa.org<\/a><\/strong><\/p>\n","protected":false},"excerpt":{"rendered":"<p>1- Aurkezpena: Eskola-umeek orientazioa mendian bertan praktikatzeko eta norberak iparorratzaz dituen trebeziak erakutsi ahal izateko, Gipuzkoako Mendizale Federazioak eta Gipuzkoako Orientazio Taldeak Gipuzkoako Eskolarteko VI Orientazioko Lehiaketa\u00b422 antolatu dute. Ez da podiumik egongo (1., 2., 3. eta abar). 2- Egunak eta lekuak: Azaroaren 12an Ulia (Donostia). 3- Partaideak eta mailak: Gipuzkoako ikastetxeetako neska-mutil guztiek har [&hellip;]<\/p>\n","protected":false},"author":1,"featured_media":226511,"comment_status":"open","ping_status":"closed","sticky":false,"template":"","format":"standard","meta":{"_acf_changed":false,"_et_pb_use_builder":"off","_et_pb_old_content":"","_et_gb_content_width":"","footnotes":""},"categories":[569],"tags":[],"class_list":["post-226513","post","type-post","status-publish","format-standard","has-post-thumbnail","hentry","category-denetarik"],"acf":[],"yoast_head":"<!-- This site is optimized with the Yoast SEO plugin v27.5 - https:\/\/yoast.com\/product\/yoast-seo-wordpress\/ -->\n<title>2022ko Eskolarteko VI. Orientazio Lehiaketa - Gipuzkoako Mendizale Federazioa - Federaci\u00f3n de Monta\u00f1a de Gipuzkoa<\/title>\n<meta name=\"robots\" content=\"index, follow, max-snippet:-1, max-image-preview:large, max-video-preview:-1\" \/>\n<link rel=\"canonical\" href=\"https:\/\/www.gmf.eus\/eu\/2022ko-eskolarteko-vi-orientazio-lehiaketa\/\" \/>\n<meta property=\"og:locale\" content=\"eu_ES\" \/>\n<meta property=\"og:type\" content=\"article\" \/>\n<meta property=\"og:title\" content=\"2022ko Eskolarteko VI. Orientazio Lehiaketa - Gipuzkoako Mendizale Federazioa - Federaci\u00f3n de Monta\u00f1a de Gipuzkoa\" \/>\n<meta property=\"og:description\" content=\"1- Aurkezpena: Eskola-umeek orientazioa mendian bertan praktikatzeko eta norberak iparorratzaz dituen trebeziak erakutsi ahal izateko, Gipuzkoako Mendizale Federazioak eta Gipuzkoako Orientazio Taldeak Gipuzkoako Eskolarteko VI Orientazioko Lehiaketa\u00b422 antolatu dute. Ez da podiumik egongo (1., 2., 3. eta abar). 2- Egunak eta lekuak: Azaroaren 12an Ulia (Donostia). 3- Partaideak eta mailak: Gipuzkoako ikastetxeetako neska-mutil guztiek har [&hellip;]\" \/>\n<meta property=\"og:site_name\" content=\"Gipuzkoako Mendizale Federazioa - Federaci\u00f3n de Monta\u00f1a de Gipuzkoa\" \/>\n<meta property=\"article:published_time\" content=\"2022-11-03T13:24:17+00:00\" \/>\n<meta property=\"article:modified_time\" content=\"2022-11-03T13:26:59+00:00\" \/>\n<meta property=\"og:image\" content=\"https:\/\/www.gmf.eus\/wp-content\/uploads\/2022\/11\/07-GOT-2022-ULIA-H-scaled.jpg\" \/>\n\t<meta property=\"og:image:width\" content=\"2560\" \/>\n\t<meta property=\"og:image:height\" content=\"1295\" \/>\n\t<meta property=\"og:image:type\" content=\"image\/jpeg\" \/>\n<meta name=\"author\" content=\"GMF-FGM\" \/>\n<meta name=\"twitter:card\" content=\"summary_large_image\" \/>\n<meta name=\"twitter:label1\" content=\"Written by\" \/>\n\t<meta name=\"twitter:data1\" content=\"GMF-FGM\" \/>\n\t<meta name=\"twitter:label2\" content=\"Est. reading time\" \/>\n\t<meta name=\"twitter:data2\" content=\"2 minutes\" \/>\n<script type=\"application\/ld+json\" class=\"yoast-schema-graph\">{\"@context\":\"https:\\\/\\\/schema.org\",\"@graph\":[{\"@type\":\"Article\",\"@id\":\"https:\\\/\\\/www.gmf.eus\\\/eu\\\/2022ko-eskolarteko-vi-orientazio-lehiaketa\\\/#article\",\"isPartOf\":{\"@id\":\"https:\\\/\\\/www.gmf.eus\\\/eu\\\/2022ko-eskolarteko-vi-orientazio-lehiaketa\\\/\"},\"author\":{\"name\":\"GMF-FGM\",\"@id\":\"https:\\\/\\\/www.gmf.eus\\\/#\\\/schema\\\/person\\\/597c1c59d31932f85ac5e90f1c8c609f\"},\"headline\":\"2022ko Eskolarteko VI. Orientazio Lehiaketa\",\"datePublished\":\"2022-11-03T13:24:17+00:00\",\"dateModified\":\"2022-11-03T13:26:59+00:00\",\"mainEntityOfPage\":{\"@id\":\"https:\\\/\\\/www.gmf.eus\\\/eu\\\/2022ko-eskolarteko-vi-orientazio-lehiaketa\\\/\"},\"wordCount\":381,\"commentCount\":0,\"publisher\":{\"@id\":\"https:\\\/\\\/www.gmf.eus\\\/#organization\"},\"image\":{\"@id\":\"https:\\\/\\\/www.gmf.eus\\\/eu\\\/2022ko-eskolarteko-vi-orientazio-lehiaketa\\\/#primaryimage\"},\"thumbnailUrl\":\"https:\\\/\\\/www.gmf.eus\\\/wp-content\\\/uploads\\\/2022\\\/11\\\/07-GOT-2022-ULIA-H-scaled.jpg\",\"articleSection\":[\"Denetarik\"],\"inLanguage\":\"eu-ES\",\"potentialAction\":[{\"@type\":\"CommentAction\",\"name\":\"Comment\",\"target\":[\"https:\\\/\\\/www.gmf.eus\\\/eu\\\/2022ko-eskolarteko-vi-orientazio-lehiaketa\\\/#respond\"]}]},{\"@type\":\"WebPage\",\"@id\":\"https:\\\/\\\/www.gmf.eus\\\/eu\\\/2022ko-eskolarteko-vi-orientazio-lehiaketa\\\/\",\"url\":\"https:\\\/\\\/www.gmf.eus\\\/eu\\\/2022ko-eskolarteko-vi-orientazio-lehiaketa\\\/\",\"name\":\"2022ko Eskolarteko VI. Orientazio Lehiaketa - Gipuzkoako Mendizale Federazioa - Federaci\u00f3n de Monta\u00f1a de Gipuzkoa\",\"isPartOf\":{\"@id\":\"https:\\\/\\\/www.gmf.eus\\\/#website\"},\"primaryImageOfPage\":{\"@id\":\"https:\\\/\\\/www.gmf.eus\\\/eu\\\/2022ko-eskolarteko-vi-orientazio-lehiaketa\\\/#primaryimage\"},\"image\":{\"@id\":\"https:\\\/\\\/www.gmf.eus\\\/eu\\\/2022ko-eskolarteko-vi-orientazio-lehiaketa\\\/#primaryimage\"},\"thumbnailUrl\":\"https:\\\/\\\/www.gmf.eus\\\/wp-content\\\/uploads\\\/2022\\\/11\\\/07-GOT-2022-ULIA-H-scaled.jpg\",\"datePublished\":\"2022-11-03T13:24:17+00:00\",\"dateModified\":\"2022-11-03T13:26:59+00:00\",\"breadcrumb\":{\"@id\":\"https:\\\/\\\/www.gmf.eus\\\/eu\\\/2022ko-eskolarteko-vi-orientazio-lehiaketa\\\/#breadcrumb\"},\"inLanguage\":\"eu-ES\",\"potentialAction\":[{\"@type\":\"ReadAction\",\"target\":[\"https:\\\/\\\/www.gmf.eus\\\/eu\\\/2022ko-eskolarteko-vi-orientazio-lehiaketa\\\/\"]}]},{\"@type\":\"ImageObject\",\"inLanguage\":\"eu-ES\",\"@id\":\"https:\\\/\\\/www.gmf.eus\\\/eu\\\/2022ko-eskolarteko-vi-orientazio-lehiaketa\\\/#primaryimage\",\"url\":\"https:\\\/\\\/www.gmf.eus\\\/wp-content\\\/uploads\\\/2022\\\/11\\\/07-GOT-2022-ULIA-H-scaled.jpg\",\"contentUrl\":\"https:\\\/\\\/www.gmf.eus\\\/wp-content\\\/uploads\\\/2022\\\/11\\\/07-GOT-2022-ULIA-H-scaled.jpg\",\"width\":2560,\"height\":1295},{\"@type\":\"BreadcrumbList\",\"@id\":\"https:\\\/\\\/www.gmf.eus\\\/eu\\\/2022ko-eskolarteko-vi-orientazio-lehiaketa\\\/#breadcrumb\",\"itemListElement\":[{\"@type\":\"ListItem\",\"position\":1,\"name\":\"Portada\",\"item\":\"https:\\\/\\\/www.gmf.eus\\\/\"},{\"@type\":\"ListItem\",\"position\":2,\"name\":\"2022ko Eskolarteko VI. Orientazio Lehiaketa\"}]},{\"@type\":\"WebSite\",\"@id\":\"https:\\\/\\\/www.gmf.eus\\\/#website\",\"url\":\"https:\\\/\\\/www.gmf.eus\\\/\",\"name\":\"Gipuzkoako Mendizale Federazioa - Federaci\u00f3n de Monta\u00f1a de Gipuzkoa\",\"description\":\"Federacion de monta\u00f1a de gipuzkoa, en la que encontrar\u00e1s noticias de escalada, cursos online, competici\u00f3n, senderismo, actualidad...\",\"publisher\":{\"@id\":\"https:\\\/\\\/www.gmf.eus\\\/#organization\"},\"potentialAction\":[{\"@type\":\"SearchAction\",\"target\":{\"@type\":\"EntryPoint\",\"urlTemplate\":\"https:\\\/\\\/www.gmf.eus\\\/?s={search_term_string}\"},\"query-input\":{\"@type\":\"PropertyValueSpecification\",\"valueRequired\":true,\"valueName\":\"search_term_string\"}}],\"inLanguage\":\"eu-ES\"},{\"@type\":\"Organization\",\"@id\":\"https:\\\/\\\/www.gmf.eus\\\/#organization\",\"name\":\"Gipuzkoako Mendizale Federazioa - Federaci\u00f3n de Monta\u00f1a de Gipuzkoa\",\"url\":\"https:\\\/\\\/www.gmf.eus\\\/\",\"logo\":{\"@type\":\"ImageObject\",\"inLanguage\":\"eu-ES\",\"@id\":\"https:\\\/\\\/www.gmf.eus\\\/#\\\/schema\\\/logo\\\/image\\\/\",\"url\":\"https:\\\/\\\/www.gmf.eus\\\/wp-content\\\/uploads\\\/2022\\\/09\\\/GMF-logo_newsletter-1.png\",\"contentUrl\":\"https:\\\/\\\/www.gmf.eus\\\/wp-content\\\/uploads\\\/2022\\\/09\\\/GMF-logo_newsletter-1.png\",\"width\":150,\"height\":68,\"caption\":\"Gipuzkoako Mendizale Federazioa - Federaci\u00f3n de Monta\u00f1a de Gipuzkoa\"},\"image\":{\"@id\":\"https:\\\/\\\/www.gmf.eus\\\/#\\\/schema\\\/logo\\\/image\\\/\"}},{\"@type\":\"Person\",\"@id\":\"https:\\\/\\\/www.gmf.eus\\\/#\\\/schema\\\/person\\\/597c1c59d31932f85ac5e90f1c8c609f\",\"name\":\"GMF-FGM\",\"image\":{\"@type\":\"ImageObject\",\"inLanguage\":\"eu-ES\",\"@id\":\"https:\\\/\\\/secure.gravatar.com\\\/avatar\\\/3de8ba06dec168886f51c3b8be42706dada78275742bca03e66af80032253424?s=96&d=blank&r=g\",\"url\":\"https:\\\/\\\/secure.gravatar.com\\\/avatar\\\/3de8ba06dec168886f51c3b8be42706dada78275742bca03e66af80032253424?s=96&d=blank&r=g\",\"contentUrl\":\"https:\\\/\\\/secure.gravatar.com\\\/avatar\\\/3de8ba06dec168886f51c3b8be42706dada78275742bca03e66af80032253424?s=96&d=blank&r=g\",\"caption\":\"GMF-FGM\"},\"sameAs\":[\"https:\\\/\\\/www.gmf.eus\"],\"url\":\"https:\\\/\\\/www.gmf.eus\\\/eu\\\/author\\\/administrazioa\\\/\"}]}<\/script>\n<!-- \/ Yoast SEO plugin. -->","yoast_head_json":{"title":"2022ko Eskolarteko VI. Orientazio Lehiaketa - Gipuzkoako Mendizale Federazioa - Federaci\u00f3n de Monta\u00f1a de Gipuzkoa","robots":{"index":"index","follow":"follow","max-snippet":"max-snippet:-1","max-image-preview":"max-image-preview:large","max-video-preview":"max-video-preview:-1"},"canonical":"https:\/\/www.gmf.eus\/eu\/2022ko-eskolarteko-vi-orientazio-lehiaketa\/","og_locale":"eu_ES","og_type":"article","og_title":"2022ko Eskolarteko VI. Orientazio Lehiaketa - Gipuzkoako Mendizale Federazioa - Federaci\u00f3n de Monta\u00f1a de Gipuzkoa","og_description":"1- Aurkezpena: Eskola-umeek orientazioa mendian bertan praktikatzeko eta norberak iparorratzaz dituen trebeziak erakutsi ahal izateko, Gipuzkoako Mendizale Federazioak eta Gipuzkoako Orientazio Taldeak Gipuzkoako Eskolarteko VI Orientazioko Lehiaketa\u00b422 antolatu dute. Ez da podiumik egongo (1., 2., 3. eta abar). 2- Egunak eta lekuak: Azaroaren 12an Ulia (Donostia). 3- Partaideak eta mailak: Gipuzkoako ikastetxeetako neska-mutil guztiek har [&hellip;]","og_site_name":"Gipuzkoako Mendizale Federazioa - Federaci\u00f3n de Monta\u00f1a de Gipuzkoa","article_published_time":"2022-11-03T13:24:17+00:00","article_modified_time":"2022-11-03T13:26:59+00:00","og_image":[{"width":2560,"height":1295,"url":"https:\/\/www.gmf.eus\/wp-content\/uploads\/2022\/11\/07-GOT-2022-ULIA-H-scaled.jpg","type":"image\/jpeg"}],"author":"GMF-FGM","twitter_card":"summary_large_image","twitter_misc":{"Written by":"GMF-FGM","Est. reading time":"2 minutes"},"schema":{"@context":"https:\/\/schema.org","@graph":[{"@type":"Article","@id":"https:\/\/www.gmf.eus\/eu\/2022ko-eskolarteko-vi-orientazio-lehiaketa\/#article","isPartOf":{"@id":"https:\/\/www.gmf.eus\/eu\/2022ko-eskolarteko-vi-orientazio-lehiaketa\/"},"author":{"name":"GMF-FGM","@id":"https:\/\/www.gmf.eus\/#\/schema\/person\/597c1c59d31932f85ac5e90f1c8c609f"},"headline":"2022ko Eskolarteko VI. Orientazio Lehiaketa","datePublished":"2022-11-03T13:24:17+00:00","dateModified":"2022-11-03T13:26:59+00:00","mainEntityOfPage":{"@id":"https:\/\/www.gmf.eus\/eu\/2022ko-eskolarteko-vi-orientazio-lehiaketa\/"},"wordCount":381,"commentCount":0,"publisher":{"@id":"https:\/\/www.gmf.eus\/#organization"},"image":{"@id":"https:\/\/www.gmf.eus\/eu\/2022ko-eskolarteko-vi-orientazio-lehiaketa\/#primaryimage"},"thumbnailUrl":"https:\/\/www.gmf.eus\/wp-content\/uploads\/2022\/11\/07-GOT-2022-ULIA-H-scaled.jpg","articleSection":["Denetarik"],"inLanguage":"eu-ES","potentialAction":[{"@type":"CommentAction","name":"Comment","target":["https:\/\/www.gmf.eus\/eu\/2022ko-eskolarteko-vi-orientazio-lehiaketa\/#respond"]}]},{"@type":"WebPage","@id":"https:\/\/www.gmf.eus\/eu\/2022ko-eskolarteko-vi-orientazio-lehiaketa\/","url":"https:\/\/www.gmf.eus\/eu\/2022ko-eskolarteko-vi-orientazio-lehiaketa\/","name":"2022ko Eskolarteko VI. Orientazio Lehiaketa - Gipuzkoako Mendizale Federazioa - Federaci\u00f3n de Monta\u00f1a de Gipuzkoa","isPartOf":{"@id":"https:\/\/www.gmf.eus\/#website"},"primaryImageOfPage":{"@id":"https:\/\/www.gmf.eus\/eu\/2022ko-eskolarteko-vi-orientazio-lehiaketa\/#primaryimage"},"image":{"@id":"https:\/\/www.gmf.eus\/eu\/2022ko-eskolarteko-vi-orientazio-lehiaketa\/#primaryimage"},"thumbnailUrl":"https:\/\/www.gmf.eus\/wp-content\/uploads\/2022\/11\/07-GOT-2022-ULIA-H-scaled.jpg","datePublished":"2022-11-03T13:24:17+00:00","dateModified":"2022-11-03T13:26:59+00:00","breadcrumb":{"@id":"https:\/\/www.gmf.eus\/eu\/2022ko-eskolarteko-vi-orientazio-lehiaketa\/#breadcrumb"},"inLanguage":"eu-ES","potentialAction":[{"@type":"ReadAction","target":["https:\/\/www.gmf.eus\/eu\/2022ko-eskolarteko-vi-orientazio-lehiaketa\/"]}]},{"@type":"ImageObject","inLanguage":"eu-ES","@id":"https:\/\/www.gmf.eus\/eu\/2022ko-eskolarteko-vi-orientazio-lehiaketa\/#primaryimage","url":"https:\/\/www.gmf.eus\/wp-content\/uploads\/2022\/11\/07-GOT-2022-ULIA-H-scaled.jpg","contentUrl":"https:\/\/www.gmf.eus\/wp-content\/uploads\/2022\/11\/07-GOT-2022-ULIA-H-scaled.jpg","width":2560,"height":1295},{"@type":"BreadcrumbList","@id":"https:\/\/www.gmf.eus\/eu\/2022ko-eskolarteko-vi-orientazio-lehiaketa\/#breadcrumb","itemListElement":[{"@type":"ListItem","position":1,"name":"Portada","item":"https:\/\/www.gmf.eus\/"},{"@type":"ListItem","position":2,"name":"2022ko Eskolarteko VI. Orientazio Lehiaketa"}]},{"@type":"WebSite","@id":"https:\/\/www.gmf.eus\/#website","url":"https:\/\/www.gmf.eus\/","name":"Gipuzkoako Mendizale Federazioa - Federaci\u00f3n de Monta\u00f1a de Gipuzkoa","description":"Federacion de monta\u00f1a de gipuzkoa, en la que encontrar\u00e1s noticias de escalada, cursos online, competici\u00f3n, senderismo, actualidad...","publisher":{"@id":"https:\/\/www.gmf.eus\/#organization"},"potentialAction":[{"@type":"SearchAction","target":{"@type":"EntryPoint","urlTemplate":"https:\/\/www.gmf.eus\/?s={search_term_string}"},"query-input":{"@type":"PropertyValueSpecification","valueRequired":true,"valueName":"search_term_string"}}],"inLanguage":"eu-ES"},{"@type":"Organization","@id":"https:\/\/www.gmf.eus\/#organization","name":"Gipuzkoako Mendizale Federazioa - Federaci\u00f3n de Monta\u00f1a de Gipuzkoa","url":"https:\/\/www.gmf.eus\/","logo":{"@type":"ImageObject","inLanguage":"eu-ES","@id":"https:\/\/www.gmf.eus\/#\/schema\/logo\/image\/","url":"https:\/\/www.gmf.eus\/wp-content\/uploads\/2022\/09\/GMF-logo_newsletter-1.png","contentUrl":"https:\/\/www.gmf.eus\/wp-content\/uploads\/2022\/09\/GMF-logo_newsletter-1.png","width":150,"height":68,"caption":"Gipuzkoako Mendizale Federazioa - Federaci\u00f3n de Monta\u00f1a de Gipuzkoa"},"image":{"@id":"https:\/\/www.gmf.eus\/#\/schema\/logo\/image\/"}},{"@type":"Person","@id":"https:\/\/www.gmf.eus\/#\/schema\/person\/597c1c59d31932f85ac5e90f1c8c609f","name":"GMF-FGM","image":{"@type":"ImageObject","inLanguage":"eu-ES","@id":"https:\/\/secure.gravatar.com\/avatar\/3de8ba06dec168886f51c3b8be42706dada78275742bca03e66af80032253424?s=96&d=blank&r=g","url":"https:\/\/secure.gravatar.com\/avatar\/3de8ba06dec168886f51c3b8be42706dada78275742bca03e66af80032253424?s=96&d=blank&r=g","contentUrl":"https:\/\/secure.gravatar.com\/avatar\/3de8ba06dec168886f51c3b8be42706dada78275742bca03e66af80032253424?s=96&d=blank&r=g","caption":"GMF-FGM"},"sameAs":["https:\/\/www.gmf.eus"],"url":"https:\/\/www.gmf.eus\/eu\/author\/administrazioa\/"}]}},"_links":{"self":[{"href":"https:\/\/www.gmf.eus\/eu\/wp-json\/wp\/v2\/posts\/226513","targetHints":{"allow":["GET"]}}],"collection":[{"href":"https:\/\/www.gmf.eus\/eu\/wp-json\/wp\/v2\/posts"}],"about":[{"href":"https:\/\/www.gmf.eus\/eu\/wp-json\/wp\/v2\/types\/post"}],"author":[{"embeddable":true,"href":"https:\/\/www.gmf.eus\/eu\/wp-json\/wp\/v2\/users\/1"}],"replies":[{"embeddable":true,"href":"https:\/\/www.gmf.eus\/eu\/wp-json\/wp\/v2\/comments?post=226513"}],"version-history":[{"count":0,"href":"https:\/\/www.gmf.eus\/eu\/wp-json\/wp\/v2\/posts\/226513\/revisions"}],"wp:featuredmedia":[{"embeddable":true,"href":"https:\/\/www.gmf.eus\/eu\/wp-json\/wp\/v2\/media\/226511"}],"wp:attachment":[{"href":"https:\/\/www.gmf.eus\/eu\/wp-json\/wp\/v2\/media?parent=226513"}],"wp:term":[{"taxonomy":"category","embeddable":true,"href":"https:\/\/www.gmf.eus\/eu\/wp-json\/wp\/v2\/categories?post=226513"},{"taxonomy":"post_tag","embeddable":true,"href":"https:\/\/www.gmf.eus\/eu\/wp-json\/wp\/v2\/tags?post=226513"}],"curies":[{"name":"wp","href":"https:\/\/api.w.org\/{rel}","templated":true}]}}