{"id":226551,"date":"2022-11-08T12:59:20","date_gmt":"2022-11-08T10:59:20","guid":{"rendered":"https:\/\/www.gmf.eus\/jornada-de-auzolan-en-aralar\/"},"modified":"2022-11-08T13:43:32","modified_gmt":"2022-11-08T11:43:32","slug":"jornada-de-auzolan-en-aralar","status":"publish","type":"post","link":"https:\/\/www.gmf.eus\/eu\/jornada-de-auzolan-en-aralar\/","title":{"rendered":"Auzolan jardunaldia Aralarren"},"content":{"rendered":"\n<p>Toponimia eta segurtasunak Gipuzkoako bidezidor sarean bat egiten dute.<\/p>\n\n\n\n<p><a href=\"https:\/\/www.diariovasco.com\/...\/postes-informativos...\">https:\/\/www.diariovasco.com\/&#8230;\/postes-informativos&#8230;<\/a><\/p>\n\n\n\n<p>Martxan jarri dugun egitasmo berri batek Gipuzkoako bidezidor sareko balizak identifikatuko ditu izen eta zenbakiarekin<\/p>\n\n\n\n<p>Gaur egun, bidezidorren sare osoan seinaleztapen bertikaleko 500 zutoin inguru daude. Gipuzkoako Foru Aldundiak eta Gipuzkoako Mendizale Federazioak elkarrekin garatutako ekimen <a><\/a>honen bidez, toponimo bat eta aldez aurretik Eusko Jaurlaritzako Segurtasun Sailarekin adostutako zenbaki kode bat duen plaka bat jarri nahi da zutoin bakoitzean. Ekimen honen bidez, batetik, larrialdi-zerbitzuen lana erraztu nahi da, eta, bestetik, gure mendietako toponimoak berreskuratu eta zaindu.<\/p>\n\n\n\n<p>Egitasmo berri hau Rural Kutxaren gizarte-ekintzarekin sinatutako lankidetza-hitzarmen bati esker eman zaio hasiera Aralarko Parke Naturaleko bidezidorren sarean. Joan den azaroaren 5ean, lehenengo plakak jarri ziren, Auzolan jardunaldi batean.<\/p>\n\n\n\n<p><\/p>\n\n\n\n<div class=\"wp-block-buttons is-layout-flex wp-block-buttons-is-layout-flex\">\n<div class=\"wp-block-button\"><a class=\"wp-block-button__link\" href=\"https:\/\/www.dropbox.com\/scl\/fo\/v00tg8v26du8cyho0fbuw\/h?dl=0&amp;rlkey=u8mez0vkbh0c1k8hwzrdbv59q\">Fotos<\/a><\/div>\n<\/div>\n","protected":false},"excerpt":{"rendered":"<p>Toponimia eta segurtasunak Gipuzkoako bidezidor sarean bat egiten dute. https:\/\/www.diariovasco.com\/&#8230;\/postes-informativos&#8230; Martxan jarri dugun egitasmo berri batek Gipuzkoako bidezidor sareko balizak identifikatuko ditu izen eta zenbakiarekin Gaur egun, bidezidorren sare osoan seinaleztapen bertikaleko 500 zutoin inguru daude. Gipuzkoako Foru Aldundiak eta Gipuzkoako Mendizale Federazioak elkarrekin garatutako ekimen honen bidez, toponimo bat eta aldez aurretik Eusko Jaurlaritzako [&hellip;]<\/p>\n","protected":false},"author":1,"featured_media":226547,"comment_status":"open","ping_status":"closed","sticky":false,"template":"","format":"standard","meta":{"_acf_changed":false,"_et_pb_use_builder":"off","_et_pb_old_content":"","_et_gb_content_width":"","footnotes":""},"categories":[569],"tags":[],"class_list":["post-226551","post","type-post","status-publish","format-standard","has-post-thumbnail","hentry","category-denetarik"],"acf":[],"yoast_head":"<!-- This site is optimized with the Yoast SEO plugin v27.5 - https:\/\/yoast.com\/product\/yoast-seo-wordpress\/ -->\n<title>Auzolan jardunaldia Aralarren - Gipuzkoako Mendizale Federazioa - Federaci\u00f3n de Monta\u00f1a de Gipuzkoa<\/title>\n<meta name=\"robots\" content=\"index, follow, max-snippet:-1, max-image-preview:large, max-video-preview:-1\" \/>\n<link rel=\"canonical\" href=\"https:\/\/www.gmf.eus\/eu\/jornada-de-auzolan-en-aralar\/\" \/>\n<meta property=\"og:locale\" content=\"eu_ES\" \/>\n<meta property=\"og:type\" content=\"article\" \/>\n<meta property=\"og:title\" content=\"Auzolan jardunaldia Aralarren - Gipuzkoako Mendizale Federazioa - Federaci\u00f3n de Monta\u00f1a de Gipuzkoa\" \/>\n<meta property=\"og:description\" content=\"Toponimia eta segurtasunak Gipuzkoako bidezidor sarean bat egiten dute. https:\/\/www.diariovasco.com\/&#8230;\/postes-informativos&#8230; Martxan jarri dugun egitasmo berri batek Gipuzkoako bidezidor sareko balizak identifikatuko ditu izen eta zenbakiarekin Gaur egun, bidezidorren sare osoan seinaleztapen bertikaleko 500 zutoin inguru daude. Gipuzkoako Foru Aldundiak eta Gipuzkoako Mendizale Federazioak elkarrekin garatutako ekimen honen bidez, toponimo bat eta aldez aurretik Eusko Jaurlaritzako [&hellip;]\" \/>\n<meta property=\"og:site_name\" content=\"Gipuzkoako Mendizale Federazioa - Federaci\u00f3n de Monta\u00f1a de Gipuzkoa\" \/>\n<meta property=\"article:published_time\" content=\"2022-11-08T10:59:20+00:00\" \/>\n<meta property=\"article:modified_time\" content=\"2022-11-08T11:43:32+00:00\" \/>\n<meta property=\"og:image\" content=\"https:\/\/www.gmf.eus\/wp-content\/uploads\/2022\/11\/rural1.jpeg\" \/>\n\t<meta property=\"og:image:width\" content=\"2000\" \/>\n\t<meta property=\"og:image:height\" content=\"896\" \/>\n\t<meta property=\"og:image:type\" content=\"image\/jpeg\" \/>\n<meta name=\"author\" content=\"GMF-FGM\" \/>\n<meta name=\"twitter:card\" content=\"summary_large_image\" \/>\n<meta name=\"twitter:label1\" content=\"Written by\" \/>\n\t<meta name=\"twitter:data1\" content=\"GMF-FGM\" \/>\n\t<meta name=\"twitter:label2\" content=\"Est. reading time\" \/>\n\t<meta name=\"twitter:data2\" content=\"1 minute\" \/>\n<script type=\"application\/ld+json\" class=\"yoast-schema-graph\">{\"@context\":\"https:\\\/\\\/schema.org\",\"@graph\":[{\"@type\":\"Article\",\"@id\":\"https:\\\/\\\/www.gmf.eus\\\/eu\\\/jornada-de-auzolan-en-aralar\\\/#article\",\"isPartOf\":{\"@id\":\"https:\\\/\\\/www.gmf.eus\\\/eu\\\/jornada-de-auzolan-en-aralar\\\/\"},\"author\":{\"name\":\"GMF-FGM\",\"@id\":\"https:\\\/\\\/www.gmf.eus\\\/#\\\/schema\\\/person\\\/597c1c59d31932f85ac5e90f1c8c609f\"},\"headline\":\"Auzolan jardunaldia Aralarren\",\"datePublished\":\"2022-11-08T10:59:20+00:00\",\"dateModified\":\"2022-11-08T11:43:32+00:00\",\"mainEntityOfPage\":{\"@id\":\"https:\\\/\\\/www.gmf.eus\\\/eu\\\/jornada-de-auzolan-en-aralar\\\/\"},\"wordCount\":122,\"commentCount\":0,\"publisher\":{\"@id\":\"https:\\\/\\\/www.gmf.eus\\\/#organization\"},\"image\":{\"@id\":\"https:\\\/\\\/www.gmf.eus\\\/eu\\\/jornada-de-auzolan-en-aralar\\\/#primaryimage\"},\"thumbnailUrl\":\"https:\\\/\\\/www.gmf.eus\\\/wp-content\\\/uploads\\\/2022\\\/11\\\/rural1.jpeg\",\"articleSection\":[\"Denetarik\"],\"inLanguage\":\"eu-ES\",\"potentialAction\":[{\"@type\":\"CommentAction\",\"name\":\"Comment\",\"target\":[\"https:\\\/\\\/www.gmf.eus\\\/eu\\\/jornada-de-auzolan-en-aralar\\\/#respond\"]}]},{\"@type\":\"WebPage\",\"@id\":\"https:\\\/\\\/www.gmf.eus\\\/eu\\\/jornada-de-auzolan-en-aralar\\\/\",\"url\":\"https:\\\/\\\/www.gmf.eus\\\/eu\\\/jornada-de-auzolan-en-aralar\\\/\",\"name\":\"Auzolan jardunaldia Aralarren - Gipuzkoako Mendizale Federazioa - Federaci\u00f3n de Monta\u00f1a de Gipuzkoa\",\"isPartOf\":{\"@id\":\"https:\\\/\\\/www.gmf.eus\\\/#website\"},\"primaryImageOfPage\":{\"@id\":\"https:\\\/\\\/www.gmf.eus\\\/eu\\\/jornada-de-auzolan-en-aralar\\\/#primaryimage\"},\"image\":{\"@id\":\"https:\\\/\\\/www.gmf.eus\\\/eu\\\/jornada-de-auzolan-en-aralar\\\/#primaryimage\"},\"thumbnailUrl\":\"https:\\\/\\\/www.gmf.eus\\\/wp-content\\\/uploads\\\/2022\\\/11\\\/rural1.jpeg\",\"datePublished\":\"2022-11-08T10:59:20+00:00\",\"dateModified\":\"2022-11-08T11:43:32+00:00\",\"breadcrumb\":{\"@id\":\"https:\\\/\\\/www.gmf.eus\\\/eu\\\/jornada-de-auzolan-en-aralar\\\/#breadcrumb\"},\"inLanguage\":\"eu-ES\",\"potentialAction\":[{\"@type\":\"ReadAction\",\"target\":[\"https:\\\/\\\/www.gmf.eus\\\/eu\\\/jornada-de-auzolan-en-aralar\\\/\"]}]},{\"@type\":\"ImageObject\",\"inLanguage\":\"eu-ES\",\"@id\":\"https:\\\/\\\/www.gmf.eus\\\/eu\\\/jornada-de-auzolan-en-aralar\\\/#primaryimage\",\"url\":\"https:\\\/\\\/www.gmf.eus\\\/wp-content\\\/uploads\\\/2022\\\/11\\\/rural1.jpeg\",\"contentUrl\":\"https:\\\/\\\/www.gmf.eus\\\/wp-content\\\/uploads\\\/2022\\\/11\\\/rural1.jpeg\",\"width\":2000,\"height\":896},{\"@type\":\"BreadcrumbList\",\"@id\":\"https:\\\/\\\/www.gmf.eus\\\/eu\\\/jornada-de-auzolan-en-aralar\\\/#breadcrumb\",\"itemListElement\":[{\"@type\":\"ListItem\",\"position\":1,\"name\":\"Portada\",\"item\":\"https:\\\/\\\/www.gmf.eus\\\/\"},{\"@type\":\"ListItem\",\"position\":2,\"name\":\"Auzolan jardunaldia Aralarren\"}]},{\"@type\":\"WebSite\",\"@id\":\"https:\\\/\\\/www.gmf.eus\\\/#website\",\"url\":\"https:\\\/\\\/www.gmf.eus\\\/\",\"name\":\"Gipuzkoako Mendizale Federazioa - Federaci\u00f3n de Monta\u00f1a de Gipuzkoa\",\"description\":\"Federacion de monta\u00f1a de gipuzkoa, en la que encontrar\u00e1s noticias de escalada, cursos online, competici\u00f3n, senderismo, actualidad...\",\"publisher\":{\"@id\":\"https:\\\/\\\/www.gmf.eus\\\/#organization\"},\"potentialAction\":[{\"@type\":\"SearchAction\",\"target\":{\"@type\":\"EntryPoint\",\"urlTemplate\":\"https:\\\/\\\/www.gmf.eus\\\/?s={search_term_string}\"},\"query-input\":{\"@type\":\"PropertyValueSpecification\",\"valueRequired\":true,\"valueName\":\"search_term_string\"}}],\"inLanguage\":\"eu-ES\"},{\"@type\":\"Organization\",\"@id\":\"https:\\\/\\\/www.gmf.eus\\\/#organization\",\"name\":\"Gipuzkoako Mendizale Federazioa - Federaci\u00f3n de Monta\u00f1a de Gipuzkoa\",\"url\":\"https:\\\/\\\/www.gmf.eus\\\/\",\"logo\":{\"@type\":\"ImageObject\",\"inLanguage\":\"eu-ES\",\"@id\":\"https:\\\/\\\/www.gmf.eus\\\/#\\\/schema\\\/logo\\\/image\\\/\",\"url\":\"https:\\\/\\\/www.gmf.eus\\\/wp-content\\\/uploads\\\/2022\\\/09\\\/GMF-logo_newsletter-1.png\",\"contentUrl\":\"https:\\\/\\\/www.gmf.eus\\\/wp-content\\\/uploads\\\/2022\\\/09\\\/GMF-logo_newsletter-1.png\",\"width\":150,\"height\":68,\"caption\":\"Gipuzkoako Mendizale Federazioa - Federaci\u00f3n de Monta\u00f1a de Gipuzkoa\"},\"image\":{\"@id\":\"https:\\\/\\\/www.gmf.eus\\\/#\\\/schema\\\/logo\\\/image\\\/\"}},{\"@type\":\"Person\",\"@id\":\"https:\\\/\\\/www.gmf.eus\\\/#\\\/schema\\\/person\\\/597c1c59d31932f85ac5e90f1c8c609f\",\"name\":\"GMF-FGM\",\"image\":{\"@type\":\"ImageObject\",\"inLanguage\":\"eu-ES\",\"@id\":\"https:\\\/\\\/secure.gravatar.com\\\/avatar\\\/3de8ba06dec168886f51c3b8be42706dada78275742bca03e66af80032253424?s=96&d=blank&r=g\",\"url\":\"https:\\\/\\\/secure.gravatar.com\\\/avatar\\\/3de8ba06dec168886f51c3b8be42706dada78275742bca03e66af80032253424?s=96&d=blank&r=g\",\"contentUrl\":\"https:\\\/\\\/secure.gravatar.com\\\/avatar\\\/3de8ba06dec168886f51c3b8be42706dada78275742bca03e66af80032253424?s=96&d=blank&r=g\",\"caption\":\"GMF-FGM\"},\"sameAs\":[\"https:\\\/\\\/www.gmf.eus\"],\"url\":\"https:\\\/\\\/www.gmf.eus\\\/eu\\\/author\\\/administrazioa\\\/\"}]}<\/script>\n<!-- \/ Yoast SEO plugin. -->","yoast_head_json":{"title":"Auzolan jardunaldia Aralarren - Gipuzkoako Mendizale Federazioa - Federaci\u00f3n de Monta\u00f1a de Gipuzkoa","robots":{"index":"index","follow":"follow","max-snippet":"max-snippet:-1","max-image-preview":"max-image-preview:large","max-video-preview":"max-video-preview:-1"},"canonical":"https:\/\/www.gmf.eus\/eu\/jornada-de-auzolan-en-aralar\/","og_locale":"eu_ES","og_type":"article","og_title":"Auzolan jardunaldia Aralarren - Gipuzkoako Mendizale Federazioa - Federaci\u00f3n de Monta\u00f1a de Gipuzkoa","og_description":"Toponimia eta segurtasunak Gipuzkoako bidezidor sarean bat egiten dute. https:\/\/www.diariovasco.com\/&#8230;\/postes-informativos&#8230; Martxan jarri dugun egitasmo berri batek Gipuzkoako bidezidor sareko balizak identifikatuko ditu izen eta zenbakiarekin Gaur egun, bidezidorren sare osoan seinaleztapen bertikaleko 500 zutoin inguru daude. Gipuzkoako Foru Aldundiak eta Gipuzkoako Mendizale Federazioak elkarrekin garatutako ekimen honen bidez, toponimo bat eta aldez aurretik Eusko Jaurlaritzako [&hellip;]","og_site_name":"Gipuzkoako Mendizale Federazioa - Federaci\u00f3n de Monta\u00f1a de Gipuzkoa","article_published_time":"2022-11-08T10:59:20+00:00","article_modified_time":"2022-11-08T11:43:32+00:00","og_image":[{"width":2000,"height":896,"url":"https:\/\/www.gmf.eus\/wp-content\/uploads\/2022\/11\/rural1.jpeg","type":"image\/jpeg"}],"author":"GMF-FGM","twitter_card":"summary_large_image","twitter_misc":{"Written by":"GMF-FGM","Est. reading time":"1 minute"},"schema":{"@context":"https:\/\/schema.org","@graph":[{"@type":"Article","@id":"https:\/\/www.gmf.eus\/eu\/jornada-de-auzolan-en-aralar\/#article","isPartOf":{"@id":"https:\/\/www.gmf.eus\/eu\/jornada-de-auzolan-en-aralar\/"},"author":{"name":"GMF-FGM","@id":"https:\/\/www.gmf.eus\/#\/schema\/person\/597c1c59d31932f85ac5e90f1c8c609f"},"headline":"Auzolan jardunaldia Aralarren","datePublished":"2022-11-08T10:59:20+00:00","dateModified":"2022-11-08T11:43:32+00:00","mainEntityOfPage":{"@id":"https:\/\/www.gmf.eus\/eu\/jornada-de-auzolan-en-aralar\/"},"wordCount":122,"commentCount":0,"publisher":{"@id":"https:\/\/www.gmf.eus\/#organization"},"image":{"@id":"https:\/\/www.gmf.eus\/eu\/jornada-de-auzolan-en-aralar\/#primaryimage"},"thumbnailUrl":"https:\/\/www.gmf.eus\/wp-content\/uploads\/2022\/11\/rural1.jpeg","articleSection":["Denetarik"],"inLanguage":"eu-ES","potentialAction":[{"@type":"CommentAction","name":"Comment","target":["https:\/\/www.gmf.eus\/eu\/jornada-de-auzolan-en-aralar\/#respond"]}]},{"@type":"WebPage","@id":"https:\/\/www.gmf.eus\/eu\/jornada-de-auzolan-en-aralar\/","url":"https:\/\/www.gmf.eus\/eu\/jornada-de-auzolan-en-aralar\/","name":"Auzolan jardunaldia Aralarren - Gipuzkoako Mendizale Federazioa - Federaci\u00f3n de Monta\u00f1a de Gipuzkoa","isPartOf":{"@id":"https:\/\/www.gmf.eus\/#website"},"primaryImageOfPage":{"@id":"https:\/\/www.gmf.eus\/eu\/jornada-de-auzolan-en-aralar\/#primaryimage"},"image":{"@id":"https:\/\/www.gmf.eus\/eu\/jornada-de-auzolan-en-aralar\/#primaryimage"},"thumbnailUrl":"https:\/\/www.gmf.eus\/wp-content\/uploads\/2022\/11\/rural1.jpeg","datePublished":"2022-11-08T10:59:20+00:00","dateModified":"2022-11-08T11:43:32+00:00","breadcrumb":{"@id":"https:\/\/www.gmf.eus\/eu\/jornada-de-auzolan-en-aralar\/#breadcrumb"},"inLanguage":"eu-ES","potentialAction":[{"@type":"ReadAction","target":["https:\/\/www.gmf.eus\/eu\/jornada-de-auzolan-en-aralar\/"]}]},{"@type":"ImageObject","inLanguage":"eu-ES","@id":"https:\/\/www.gmf.eus\/eu\/jornada-de-auzolan-en-aralar\/#primaryimage","url":"https:\/\/www.gmf.eus\/wp-content\/uploads\/2022\/11\/rural1.jpeg","contentUrl":"https:\/\/www.gmf.eus\/wp-content\/uploads\/2022\/11\/rural1.jpeg","width":2000,"height":896},{"@type":"BreadcrumbList","@id":"https:\/\/www.gmf.eus\/eu\/jornada-de-auzolan-en-aralar\/#breadcrumb","itemListElement":[{"@type":"ListItem","position":1,"name":"Portada","item":"https:\/\/www.gmf.eus\/"},{"@type":"ListItem","position":2,"name":"Auzolan jardunaldia Aralarren"}]},{"@type":"WebSite","@id":"https:\/\/www.gmf.eus\/#website","url":"https:\/\/www.gmf.eus\/","name":"Gipuzkoako Mendizale Federazioa - Federaci\u00f3n de Monta\u00f1a de Gipuzkoa","description":"Federacion de monta\u00f1a de gipuzkoa, en la que encontrar\u00e1s noticias de escalada, cursos online, competici\u00f3n, senderismo, actualidad...","publisher":{"@id":"https:\/\/www.gmf.eus\/#organization"},"potentialAction":[{"@type":"SearchAction","target":{"@type":"EntryPoint","urlTemplate":"https:\/\/www.gmf.eus\/?s={search_term_string}"},"query-input":{"@type":"PropertyValueSpecification","valueRequired":true,"valueName":"search_term_string"}}],"inLanguage":"eu-ES"},{"@type":"Organization","@id":"https:\/\/www.gmf.eus\/#organization","name":"Gipuzkoako Mendizale Federazioa - Federaci\u00f3n de Monta\u00f1a de Gipuzkoa","url":"https:\/\/www.gmf.eus\/","logo":{"@type":"ImageObject","inLanguage":"eu-ES","@id":"https:\/\/www.gmf.eus\/#\/schema\/logo\/image\/","url":"https:\/\/www.gmf.eus\/wp-content\/uploads\/2022\/09\/GMF-logo_newsletter-1.png","contentUrl":"https:\/\/www.gmf.eus\/wp-content\/uploads\/2022\/09\/GMF-logo_newsletter-1.png","width":150,"height":68,"caption":"Gipuzkoako Mendizale Federazioa - Federaci\u00f3n de Monta\u00f1a de Gipuzkoa"},"image":{"@id":"https:\/\/www.gmf.eus\/#\/schema\/logo\/image\/"}},{"@type":"Person","@id":"https:\/\/www.gmf.eus\/#\/schema\/person\/597c1c59d31932f85ac5e90f1c8c609f","name":"GMF-FGM","image":{"@type":"ImageObject","inLanguage":"eu-ES","@id":"https:\/\/secure.gravatar.com\/avatar\/3de8ba06dec168886f51c3b8be42706dada78275742bca03e66af80032253424?s=96&d=blank&r=g","url":"https:\/\/secure.gravatar.com\/avatar\/3de8ba06dec168886f51c3b8be42706dada78275742bca03e66af80032253424?s=96&d=blank&r=g","contentUrl":"https:\/\/secure.gravatar.com\/avatar\/3de8ba06dec168886f51c3b8be42706dada78275742bca03e66af80032253424?s=96&d=blank&r=g","caption":"GMF-FGM"},"sameAs":["https:\/\/www.gmf.eus"],"url":"https:\/\/www.gmf.eus\/eu\/author\/administrazioa\/"}]}},"_links":{"self":[{"href":"https:\/\/www.gmf.eus\/eu\/wp-json\/wp\/v2\/posts\/226551","targetHints":{"allow":["GET"]}}],"collection":[{"href":"https:\/\/www.gmf.eus\/eu\/wp-json\/wp\/v2\/posts"}],"about":[{"href":"https:\/\/www.gmf.eus\/eu\/wp-json\/wp\/v2\/types\/post"}],"author":[{"embeddable":true,"href":"https:\/\/www.gmf.eus\/eu\/wp-json\/wp\/v2\/users\/1"}],"replies":[{"embeddable":true,"href":"https:\/\/www.gmf.eus\/eu\/wp-json\/wp\/v2\/comments?post=226551"}],"version-history":[{"count":0,"href":"https:\/\/www.gmf.eus\/eu\/wp-json\/wp\/v2\/posts\/226551\/revisions"}],"wp:featuredmedia":[{"embeddable":true,"href":"https:\/\/www.gmf.eus\/eu\/wp-json\/wp\/v2\/media\/226547"}],"wp:attachment":[{"href":"https:\/\/www.gmf.eus\/eu\/wp-json\/wp\/v2\/media?parent=226551"}],"wp:term":[{"taxonomy":"category","embeddable":true,"href":"https:\/\/www.gmf.eus\/eu\/wp-json\/wp\/v2\/categories?post=226551"},{"taxonomy":"post_tag","embeddable":true,"href":"https:\/\/www.gmf.eus\/eu\/wp-json\/wp\/v2\/tags?post=226551"}],"curies":[{"name":"wp","href":"https:\/\/api.w.org\/{rel}","templated":true}]}}