{"id":226686,"date":"2025-11-20T10:11:14","date_gmt":"2025-11-20T08:11:14","guid":{"rendered":"https:\/\/www.gmf.eus\/6o-encuentro-escolar-de-escalada22-gipuzkoa\/"},"modified":"2025-11-20T10:13:33","modified_gmt":"2025-11-20T08:13:33","slug":"encuentro-escolar-de-escalada22-gipuzkoa","status":"publish","type":"post","link":"https:\/\/www.gmf.eus\/eu\/encuentro-escolar-de-escalada22-gipuzkoa\/","title":{"rendered":"ESKOLARTEKO 9. ESKALADA TOPAKETA\u201925 &#8211; GIPUZKOA"},"content":{"rendered":"\n<p>Abenduaren 14an Eskolarteko 9. Eskalada Topaketa 2025 ospatuko da. Gipuzkoako ikasle guztiak ekitaldi honetan parte hartzera animatzen ditugu. Bertan, euren burua gainditu eta eskaladaren munduan esperientzia berri bat bizi ahal izango dute.<\/p>\n\n\n\n<p><strong>EGITARAUA<\/strong><\/p>\n\n\n\n<p><strong>1- Eguna eta lekua:<\/strong> Abenduaren 14a, Pio Baroja Kiroldegian. Pio Baroja, 47, Donostia.<\/p>\n\n\n\n<p><strong>2- Partaideak eta mailak<\/strong>: Gipuzkoako ikastetxeetako neska-mutil guztiek har dezakete parte. Maila guztiak kadetetaraino, hau da, 16 urteak arte (barne). Gogoratu hasiberrientzako hastapen-topaketa bat dela, eta ez dela aldez aurreko esperientziarik behar jarduera honetaz gozatzeko.<\/p>\n\n\n\n<p><strong>3- Izen-ematea:<\/strong> Abenduaren 11a baino lehen internet bidez elkarte antolatzailean: <a href=\"http:\/\/www.cdfortunake.com\">www.cdfortunake.com<\/a>. 3 \u20ac partaideko. Epetik kanpo edo egunean bertan eginez gero, 5 \u20ac partaideko.<\/p>\n\n\n\n<p><strong>4- Ordutegia:<\/strong><\/p>\n\n\n\n<ul class=\"wp-block-list\">\n<li>Eskalada: 9:30-13:30<\/li>\n\n\n\n<li>Diplomak: 13:30-14:30<\/li>\n<\/ul>\n\n\n\n<p><strong>5- Froga sistema eta helburua:<\/strong><\/p>\n\n\n\n<ul class=\"wp-block-list\">\n<li>Zirkuito itxi bat egongo da.<\/li>\n\n\n\n<li>Zirkuitoaren helburua haurrek eskalada modalitate guztiak probatzea izango da. Hasi abiadura eskaladarekin, (2 bide), zailtasun eskalada (2 bide), eta azkenik boulderra 10-15 bloke errazetik zailera.<\/li>\n\n\n\n<li>Sokarekin eskalatzeko bideak (zailtasuna eta abiadura) haur kopuru maximo bat izango dute, beraz itxaroten duten bitartean boulderrean egongo dira eskalatzen.<\/li>\n\n\n\n<li>Haur bakoitzak fitxa bat izango du lorpenak apuntatzen joateko, baina ez da sailkapen orokorrik egingo.<\/li>\n\n\n\n<li>Helburua: eskalada ezagutzea eta praktikarekin ondo pasatzea.<\/li>\n<\/ul>\n\n\n\n<p><strong>6- Opariak: <\/strong>partaide bakoitzak kamiseta bat jasoko du.<\/p>\n\n\n\n<p><strong>7- Joan-etorria:<\/strong> Berebil partikularrak erabiltzeak, arazo desberdinak sor ditzake: segurtasunezkoa, trafikozkoa, aparkalekukoa, CO<sup>2&nbsp;&nbsp; <\/sup>igorpenak, etab. <strong>Garraio kolektiboa erabili. TALDEAN GOAZ!&nbsp;<\/strong><\/p>\n\n\n\n<p><strong>8- Ezustekoak: <\/strong>Ezustekoren bat gertatuz gero, antolatzaileen esku egongo da zer egin erabakitzea.<\/p>\n\n\n\n<p><strong>9- Partaideen irudiak:<\/strong> Jarduera publikoa izanik, bai prentsan eta bai Federazioaren edo elkarte antolatzailearen webguneetan argitaratu ahal izango diren bideoko eta argazkiko irudiak hartuko dira. Borondatezko izen-emateak gertaera hau baita oinarrietako gainontzeko atalak ere onartzea dakar. Hala ere, umeen arduradunak argazkiak ez publikatzea eskatu dezake. Bertan edo rokodromoa@cdfortunake.com.<\/p>\n\n\n\n<p><strong>10- Oharra:<\/strong>.Izen-emateak antolaketako baldintzak onartzea dakar berarekin.<\/p>\n","protected":false},"excerpt":{"rendered":"<p>Abenduaren 14an Eskolarteko 9. Eskalada Topaketa 2025 ospatuko da. Gipuzkoako ikasle guztiak ekitaldi honetan parte hartzera animatzen ditugu. Bertan, euren burua gainditu eta eskaladaren munduan esperientzia berri bat bizi ahal izango dute. EGITARAUA 1- Eguna eta lekua: Abenduaren 14a, Pio Baroja Kiroldegian. Pio Baroja, 47, Donostia. 2- Partaideak eta mailak: Gipuzkoako ikastetxeetako neska-mutil guztiek har [&hellip;]<\/p>\n","protected":false},"author":1,"featured_media":234451,"comment_status":"open","ping_status":"closed","sticky":false,"template":"","format":"standard","meta":{"_acf_changed":false,"_et_pb_use_builder":"off","_et_pb_old_content":"","_et_gb_content_width":"","footnotes":""},"categories":[569],"tags":[],"class_list":["post-226686","post","type-post","status-publish","format-standard","has-post-thumbnail","hentry","category-denetarik"],"acf":[],"yoast_head":"<!-- This site is optimized with the Yoast SEO plugin v27.5 - https:\/\/yoast.com\/product\/yoast-seo-wordpress\/ -->\n<title>ESKOLARTEKO 9. ESKALADA TOPAKETA\u201925 - GIPUZKOA - Gipuzkoako Mendizale Federazioa - Federaci\u00f3n de Monta\u00f1a de Gipuzkoa<\/title>\n<meta name=\"robots\" content=\"index, follow, max-snippet:-1, max-image-preview:large, max-video-preview:-1\" \/>\n<link rel=\"canonical\" href=\"https:\/\/www.gmf.eus\/eu\/encuentro-escolar-de-escalada22-gipuzkoa\/\" \/>\n<meta property=\"og:locale\" content=\"eu_ES\" \/>\n<meta property=\"og:type\" content=\"article\" \/>\n<meta property=\"og:title\" content=\"ESKOLARTEKO 9. ESKALADA TOPAKETA\u201925 - GIPUZKOA - Gipuzkoako Mendizale Federazioa - Federaci\u00f3n de Monta\u00f1a de Gipuzkoa\" \/>\n<meta property=\"og:description\" content=\"Abenduaren 14an Eskolarteko 9. Eskalada Topaketa 2025 ospatuko da. Gipuzkoako ikasle guztiak ekitaldi honetan parte hartzera animatzen ditugu. Bertan, euren burua gainditu eta eskaladaren munduan esperientzia berri bat bizi ahal izango dute. EGITARAUA 1- Eguna eta lekua: Abenduaren 14a, Pio Baroja Kiroldegian. Pio Baroja, 47, Donostia. 2- Partaideak eta mailak: Gipuzkoako ikastetxeetako neska-mutil guztiek har [&hellip;]\" \/>\n<meta property=\"og:site_name\" content=\"Gipuzkoako Mendizale Federazioa - Federaci\u00f3n de Monta\u00f1a de Gipuzkoa\" \/>\n<meta property=\"article:published_time\" content=\"2025-11-20T08:11:14+00:00\" \/>\n<meta property=\"article:modified_time\" content=\"2025-11-20T08:13:33+00:00\" \/>\n<meta property=\"og:image\" content=\"https:\/\/www.gmf.eus\/wp-content\/uploads\/2024\/11\/TOPAKETA-CARTEL-2025-scaled.jpg\" \/>\n\t<meta property=\"og:image:width\" content=\"2560\" \/>\n\t<meta property=\"og:image:height\" content=\"1821\" \/>\n\t<meta property=\"og:image:type\" content=\"image\/jpeg\" \/>\n<meta name=\"author\" content=\"GMF-FGM\" \/>\n<meta name=\"twitter:card\" content=\"summary_large_image\" \/>\n<meta name=\"twitter:label1\" content=\"Written by\" \/>\n\t<meta name=\"twitter:data1\" content=\"GMF-FGM\" \/>\n\t<meta name=\"twitter:label2\" content=\"Est. reading time\" \/>\n\t<meta name=\"twitter:data2\" content=\"2 minutes\" \/>\n<script type=\"application\/ld+json\" class=\"yoast-schema-graph\">{\"@context\":\"https:\\\/\\\/schema.org\",\"@graph\":[{\"@type\":\"Article\",\"@id\":\"https:\\\/\\\/www.gmf.eus\\\/eu\\\/encuentro-escolar-de-escalada22-gipuzkoa\\\/#article\",\"isPartOf\":{\"@id\":\"https:\\\/\\\/www.gmf.eus\\\/eu\\\/encuentro-escolar-de-escalada22-gipuzkoa\\\/\"},\"author\":{\"name\":\"GMF-FGM\",\"@id\":\"https:\\\/\\\/www.gmf.eus\\\/#\\\/schema\\\/person\\\/597c1c59d31932f85ac5e90f1c8c609f\"},\"headline\":\"ESKOLARTEKO 9. ESKALADA TOPAKETA\u201925 &#8211; GIPUZKOA\",\"datePublished\":\"2025-11-20T08:11:14+00:00\",\"dateModified\":\"2025-11-20T08:13:33+00:00\",\"mainEntityOfPage\":{\"@id\":\"https:\\\/\\\/www.gmf.eus\\\/eu\\\/encuentro-escolar-de-escalada22-gipuzkoa\\\/\"},\"wordCount\":287,\"commentCount\":0,\"publisher\":{\"@id\":\"https:\\\/\\\/www.gmf.eus\\\/#organization\"},\"image\":{\"@id\":\"https:\\\/\\\/www.gmf.eus\\\/eu\\\/encuentro-escolar-de-escalada22-gipuzkoa\\\/#primaryimage\"},\"thumbnailUrl\":\"https:\\\/\\\/www.gmf.eus\\\/wp-content\\\/uploads\\\/2024\\\/11\\\/TOPAKETA-CARTEL-2025-scaled.jpg\",\"articleSection\":[\"Denetarik\"],\"inLanguage\":\"eu-ES\",\"potentialAction\":[{\"@type\":\"CommentAction\",\"name\":\"Comment\",\"target\":[\"https:\\\/\\\/www.gmf.eus\\\/eu\\\/encuentro-escolar-de-escalada22-gipuzkoa\\\/#respond\"]}]},{\"@type\":\"WebPage\",\"@id\":\"https:\\\/\\\/www.gmf.eus\\\/eu\\\/encuentro-escolar-de-escalada22-gipuzkoa\\\/\",\"url\":\"https:\\\/\\\/www.gmf.eus\\\/eu\\\/encuentro-escolar-de-escalada22-gipuzkoa\\\/\",\"name\":\"ESKOLARTEKO 9. ESKALADA TOPAKETA\u201925 - GIPUZKOA - Gipuzkoako Mendizale Federazioa - Federaci\u00f3n de Monta\u00f1a de Gipuzkoa\",\"isPartOf\":{\"@id\":\"https:\\\/\\\/www.gmf.eus\\\/#website\"},\"primaryImageOfPage\":{\"@id\":\"https:\\\/\\\/www.gmf.eus\\\/eu\\\/encuentro-escolar-de-escalada22-gipuzkoa\\\/#primaryimage\"},\"image\":{\"@id\":\"https:\\\/\\\/www.gmf.eus\\\/eu\\\/encuentro-escolar-de-escalada22-gipuzkoa\\\/#primaryimage\"},\"thumbnailUrl\":\"https:\\\/\\\/www.gmf.eus\\\/wp-content\\\/uploads\\\/2024\\\/11\\\/TOPAKETA-CARTEL-2025-scaled.jpg\",\"datePublished\":\"2025-11-20T08:11:14+00:00\",\"dateModified\":\"2025-11-20T08:13:33+00:00\",\"breadcrumb\":{\"@id\":\"https:\\\/\\\/www.gmf.eus\\\/eu\\\/encuentro-escolar-de-escalada22-gipuzkoa\\\/#breadcrumb\"},\"inLanguage\":\"eu-ES\",\"potentialAction\":[{\"@type\":\"ReadAction\",\"target\":[\"https:\\\/\\\/www.gmf.eus\\\/eu\\\/encuentro-escolar-de-escalada22-gipuzkoa\\\/\"]}]},{\"@type\":\"ImageObject\",\"inLanguage\":\"eu-ES\",\"@id\":\"https:\\\/\\\/www.gmf.eus\\\/eu\\\/encuentro-escolar-de-escalada22-gipuzkoa\\\/#primaryimage\",\"url\":\"https:\\\/\\\/www.gmf.eus\\\/wp-content\\\/uploads\\\/2024\\\/11\\\/TOPAKETA-CARTEL-2025-scaled.jpg\",\"contentUrl\":\"https:\\\/\\\/www.gmf.eus\\\/wp-content\\\/uploads\\\/2024\\\/11\\\/TOPAKETA-CARTEL-2025-scaled.jpg\",\"width\":2560,\"height\":1821},{\"@type\":\"BreadcrumbList\",\"@id\":\"https:\\\/\\\/www.gmf.eus\\\/eu\\\/encuentro-escolar-de-escalada22-gipuzkoa\\\/#breadcrumb\",\"itemListElement\":[{\"@type\":\"ListItem\",\"position\":1,\"name\":\"Portada\",\"item\":\"https:\\\/\\\/www.gmf.eus\\\/\"},{\"@type\":\"ListItem\",\"position\":2,\"name\":\"ESKOLARTEKO 9. ESKALADA TOPAKETA\u201925 &#8211; GIPUZKOA\"}]},{\"@type\":\"WebSite\",\"@id\":\"https:\\\/\\\/www.gmf.eus\\\/#website\",\"url\":\"https:\\\/\\\/www.gmf.eus\\\/\",\"name\":\"Gipuzkoako Mendizale Federazioa - Federaci\u00f3n de Monta\u00f1a de Gipuzkoa\",\"description\":\"Federacion de monta\u00f1a de gipuzkoa, en la que encontrar\u00e1s noticias de escalada, cursos online, competici\u00f3n, senderismo, actualidad...\",\"publisher\":{\"@id\":\"https:\\\/\\\/www.gmf.eus\\\/#organization\"},\"potentialAction\":[{\"@type\":\"SearchAction\",\"target\":{\"@type\":\"EntryPoint\",\"urlTemplate\":\"https:\\\/\\\/www.gmf.eus\\\/?s={search_term_string}\"},\"query-input\":{\"@type\":\"PropertyValueSpecification\",\"valueRequired\":true,\"valueName\":\"search_term_string\"}}],\"inLanguage\":\"eu-ES\"},{\"@type\":\"Organization\",\"@id\":\"https:\\\/\\\/www.gmf.eus\\\/#organization\",\"name\":\"Gipuzkoako Mendizale Federazioa - Federaci\u00f3n de Monta\u00f1a de Gipuzkoa\",\"url\":\"https:\\\/\\\/www.gmf.eus\\\/\",\"logo\":{\"@type\":\"ImageObject\",\"inLanguage\":\"eu-ES\",\"@id\":\"https:\\\/\\\/www.gmf.eus\\\/#\\\/schema\\\/logo\\\/image\\\/\",\"url\":\"https:\\\/\\\/www.gmf.eus\\\/wp-content\\\/uploads\\\/2022\\\/09\\\/GMF-logo_newsletter-1.png\",\"contentUrl\":\"https:\\\/\\\/www.gmf.eus\\\/wp-content\\\/uploads\\\/2022\\\/09\\\/GMF-logo_newsletter-1.png\",\"width\":150,\"height\":68,\"caption\":\"Gipuzkoako Mendizale Federazioa - Federaci\u00f3n de Monta\u00f1a de Gipuzkoa\"},\"image\":{\"@id\":\"https:\\\/\\\/www.gmf.eus\\\/#\\\/schema\\\/logo\\\/image\\\/\"}},{\"@type\":\"Person\",\"@id\":\"https:\\\/\\\/www.gmf.eus\\\/#\\\/schema\\\/person\\\/597c1c59d31932f85ac5e90f1c8c609f\",\"name\":\"GMF-FGM\",\"image\":{\"@type\":\"ImageObject\",\"inLanguage\":\"eu-ES\",\"@id\":\"https:\\\/\\\/secure.gravatar.com\\\/avatar\\\/3de8ba06dec168886f51c3b8be42706dada78275742bca03e66af80032253424?s=96&d=blank&r=g\",\"url\":\"https:\\\/\\\/secure.gravatar.com\\\/avatar\\\/3de8ba06dec168886f51c3b8be42706dada78275742bca03e66af80032253424?s=96&d=blank&r=g\",\"contentUrl\":\"https:\\\/\\\/secure.gravatar.com\\\/avatar\\\/3de8ba06dec168886f51c3b8be42706dada78275742bca03e66af80032253424?s=96&d=blank&r=g\",\"caption\":\"GMF-FGM\"},\"sameAs\":[\"https:\\\/\\\/www.gmf.eus\"],\"url\":\"https:\\\/\\\/www.gmf.eus\\\/eu\\\/author\\\/administrazioa\\\/\"}]}<\/script>\n<!-- \/ Yoast SEO plugin. -->","yoast_head_json":{"title":"ESKOLARTEKO 9. ESKALADA TOPAKETA\u201925 - GIPUZKOA - Gipuzkoako Mendizale Federazioa - Federaci\u00f3n de Monta\u00f1a de Gipuzkoa","robots":{"index":"index","follow":"follow","max-snippet":"max-snippet:-1","max-image-preview":"max-image-preview:large","max-video-preview":"max-video-preview:-1"},"canonical":"https:\/\/www.gmf.eus\/eu\/encuentro-escolar-de-escalada22-gipuzkoa\/","og_locale":"eu_ES","og_type":"article","og_title":"ESKOLARTEKO 9. ESKALADA TOPAKETA\u201925 - GIPUZKOA - Gipuzkoako Mendizale Federazioa - Federaci\u00f3n de Monta\u00f1a de Gipuzkoa","og_description":"Abenduaren 14an Eskolarteko 9. Eskalada Topaketa 2025 ospatuko da. Gipuzkoako ikasle guztiak ekitaldi honetan parte hartzera animatzen ditugu. Bertan, euren burua gainditu eta eskaladaren munduan esperientzia berri bat bizi ahal izango dute. EGITARAUA 1- Eguna eta lekua: Abenduaren 14a, Pio Baroja Kiroldegian. Pio Baroja, 47, Donostia. 2- Partaideak eta mailak: Gipuzkoako ikastetxeetako neska-mutil guztiek har [&hellip;]","og_site_name":"Gipuzkoako Mendizale Federazioa - Federaci\u00f3n de Monta\u00f1a de Gipuzkoa","article_published_time":"2025-11-20T08:11:14+00:00","article_modified_time":"2025-11-20T08:13:33+00:00","og_image":[{"width":2560,"height":1821,"url":"https:\/\/www.gmf.eus\/wp-content\/uploads\/2024\/11\/TOPAKETA-CARTEL-2025-scaled.jpg","type":"image\/jpeg"}],"author":"GMF-FGM","twitter_card":"summary_large_image","twitter_misc":{"Written by":"GMF-FGM","Est. reading time":"2 minutes"},"schema":{"@context":"https:\/\/schema.org","@graph":[{"@type":"Article","@id":"https:\/\/www.gmf.eus\/eu\/encuentro-escolar-de-escalada22-gipuzkoa\/#article","isPartOf":{"@id":"https:\/\/www.gmf.eus\/eu\/encuentro-escolar-de-escalada22-gipuzkoa\/"},"author":{"name":"GMF-FGM","@id":"https:\/\/www.gmf.eus\/#\/schema\/person\/597c1c59d31932f85ac5e90f1c8c609f"},"headline":"ESKOLARTEKO 9. ESKALADA TOPAKETA\u201925 &#8211; GIPUZKOA","datePublished":"2025-11-20T08:11:14+00:00","dateModified":"2025-11-20T08:13:33+00:00","mainEntityOfPage":{"@id":"https:\/\/www.gmf.eus\/eu\/encuentro-escolar-de-escalada22-gipuzkoa\/"},"wordCount":287,"commentCount":0,"publisher":{"@id":"https:\/\/www.gmf.eus\/#organization"},"image":{"@id":"https:\/\/www.gmf.eus\/eu\/encuentro-escolar-de-escalada22-gipuzkoa\/#primaryimage"},"thumbnailUrl":"https:\/\/www.gmf.eus\/wp-content\/uploads\/2024\/11\/TOPAKETA-CARTEL-2025-scaled.jpg","articleSection":["Denetarik"],"inLanguage":"eu-ES","potentialAction":[{"@type":"CommentAction","name":"Comment","target":["https:\/\/www.gmf.eus\/eu\/encuentro-escolar-de-escalada22-gipuzkoa\/#respond"]}]},{"@type":"WebPage","@id":"https:\/\/www.gmf.eus\/eu\/encuentro-escolar-de-escalada22-gipuzkoa\/","url":"https:\/\/www.gmf.eus\/eu\/encuentro-escolar-de-escalada22-gipuzkoa\/","name":"ESKOLARTEKO 9. ESKALADA TOPAKETA\u201925 - GIPUZKOA - Gipuzkoako Mendizale Federazioa - Federaci\u00f3n de Monta\u00f1a de Gipuzkoa","isPartOf":{"@id":"https:\/\/www.gmf.eus\/#website"},"primaryImageOfPage":{"@id":"https:\/\/www.gmf.eus\/eu\/encuentro-escolar-de-escalada22-gipuzkoa\/#primaryimage"},"image":{"@id":"https:\/\/www.gmf.eus\/eu\/encuentro-escolar-de-escalada22-gipuzkoa\/#primaryimage"},"thumbnailUrl":"https:\/\/www.gmf.eus\/wp-content\/uploads\/2024\/11\/TOPAKETA-CARTEL-2025-scaled.jpg","datePublished":"2025-11-20T08:11:14+00:00","dateModified":"2025-11-20T08:13:33+00:00","breadcrumb":{"@id":"https:\/\/www.gmf.eus\/eu\/encuentro-escolar-de-escalada22-gipuzkoa\/#breadcrumb"},"inLanguage":"eu-ES","potentialAction":[{"@type":"ReadAction","target":["https:\/\/www.gmf.eus\/eu\/encuentro-escolar-de-escalada22-gipuzkoa\/"]}]},{"@type":"ImageObject","inLanguage":"eu-ES","@id":"https:\/\/www.gmf.eus\/eu\/encuentro-escolar-de-escalada22-gipuzkoa\/#primaryimage","url":"https:\/\/www.gmf.eus\/wp-content\/uploads\/2024\/11\/TOPAKETA-CARTEL-2025-scaled.jpg","contentUrl":"https:\/\/www.gmf.eus\/wp-content\/uploads\/2024\/11\/TOPAKETA-CARTEL-2025-scaled.jpg","width":2560,"height":1821},{"@type":"BreadcrumbList","@id":"https:\/\/www.gmf.eus\/eu\/encuentro-escolar-de-escalada22-gipuzkoa\/#breadcrumb","itemListElement":[{"@type":"ListItem","position":1,"name":"Portada","item":"https:\/\/www.gmf.eus\/"},{"@type":"ListItem","position":2,"name":"ESKOLARTEKO 9. ESKALADA TOPAKETA\u201925 &#8211; GIPUZKOA"}]},{"@type":"WebSite","@id":"https:\/\/www.gmf.eus\/#website","url":"https:\/\/www.gmf.eus\/","name":"Gipuzkoako Mendizale Federazioa - Federaci\u00f3n de Monta\u00f1a de Gipuzkoa","description":"Federacion de monta\u00f1a de gipuzkoa, en la que encontrar\u00e1s noticias de escalada, cursos online, competici\u00f3n, senderismo, actualidad...","publisher":{"@id":"https:\/\/www.gmf.eus\/#organization"},"potentialAction":[{"@type":"SearchAction","target":{"@type":"EntryPoint","urlTemplate":"https:\/\/www.gmf.eus\/?s={search_term_string}"},"query-input":{"@type":"PropertyValueSpecification","valueRequired":true,"valueName":"search_term_string"}}],"inLanguage":"eu-ES"},{"@type":"Organization","@id":"https:\/\/www.gmf.eus\/#organization","name":"Gipuzkoako Mendizale Federazioa - Federaci\u00f3n de Monta\u00f1a de Gipuzkoa","url":"https:\/\/www.gmf.eus\/","logo":{"@type":"ImageObject","inLanguage":"eu-ES","@id":"https:\/\/www.gmf.eus\/#\/schema\/logo\/image\/","url":"https:\/\/www.gmf.eus\/wp-content\/uploads\/2022\/09\/GMF-logo_newsletter-1.png","contentUrl":"https:\/\/www.gmf.eus\/wp-content\/uploads\/2022\/09\/GMF-logo_newsletter-1.png","width":150,"height":68,"caption":"Gipuzkoako Mendizale Federazioa - Federaci\u00f3n de Monta\u00f1a de Gipuzkoa"},"image":{"@id":"https:\/\/www.gmf.eus\/#\/schema\/logo\/image\/"}},{"@type":"Person","@id":"https:\/\/www.gmf.eus\/#\/schema\/person\/597c1c59d31932f85ac5e90f1c8c609f","name":"GMF-FGM","image":{"@type":"ImageObject","inLanguage":"eu-ES","@id":"https:\/\/secure.gravatar.com\/avatar\/3de8ba06dec168886f51c3b8be42706dada78275742bca03e66af80032253424?s=96&d=blank&r=g","url":"https:\/\/secure.gravatar.com\/avatar\/3de8ba06dec168886f51c3b8be42706dada78275742bca03e66af80032253424?s=96&d=blank&r=g","contentUrl":"https:\/\/secure.gravatar.com\/avatar\/3de8ba06dec168886f51c3b8be42706dada78275742bca03e66af80032253424?s=96&d=blank&r=g","caption":"GMF-FGM"},"sameAs":["https:\/\/www.gmf.eus"],"url":"https:\/\/www.gmf.eus\/eu\/author\/administrazioa\/"}]}},"_links":{"self":[{"href":"https:\/\/www.gmf.eus\/eu\/wp-json\/wp\/v2\/posts\/226686","targetHints":{"allow":["GET"]}}],"collection":[{"href":"https:\/\/www.gmf.eus\/eu\/wp-json\/wp\/v2\/posts"}],"about":[{"href":"https:\/\/www.gmf.eus\/eu\/wp-json\/wp\/v2\/types\/post"}],"author":[{"embeddable":true,"href":"https:\/\/www.gmf.eus\/eu\/wp-json\/wp\/v2\/users\/1"}],"replies":[{"embeddable":true,"href":"https:\/\/www.gmf.eus\/eu\/wp-json\/wp\/v2\/comments?post=226686"}],"version-history":[{"count":1,"href":"https:\/\/www.gmf.eus\/eu\/wp-json\/wp\/v2\/posts\/226686\/revisions"}],"predecessor-version":[{"id":234454,"href":"https:\/\/www.gmf.eus\/eu\/wp-json\/wp\/v2\/posts\/226686\/revisions\/234454"}],"wp:featuredmedia":[{"embeddable":true,"href":"https:\/\/www.gmf.eus\/eu\/wp-json\/wp\/v2\/media\/234451"}],"wp:attachment":[{"href":"https:\/\/www.gmf.eus\/eu\/wp-json\/wp\/v2\/media?parent=226686"}],"wp:term":[{"taxonomy":"category","embeddable":true,"href":"https:\/\/www.gmf.eus\/eu\/wp-json\/wp\/v2\/categories?post=226686"},{"taxonomy":"post_tag","embeddable":true,"href":"https:\/\/www.gmf.eus\/eu\/wp-json\/wp\/v2\/tags?post=226686"}],"curies":[{"name":"wp","href":"https:\/\/api.w.org\/{rel}","templated":true}]}}