{"id":229912,"date":"2023-09-13T11:14:46","date_gmt":"2023-09-13T09:14:46","guid":{"rendered":"https:\/\/www.gmf.eus\/?p=229912"},"modified":"2023-09-13T11:14:07","modified_gmt":"2023-09-13T09:14:07","slug":"energia-berriztagarrien-lurralde-plan-sektorialari-buruzko-gipuzkoako-mendizale-federazioaren-adierazpena","status":"publish","type":"post","link":"https:\/\/www.gmf.eus\/eu\/energia-berriztagarrien-lurralde-plan-sektorialari-buruzko-gipuzkoako-mendizale-federazioaren-adierazpena\/","title":{"rendered":"<strong>Energia Berriztagarrien Lurralde Plan Sektorialari buruzko Gipuzkoako Mendizale Federazioaren adierazpena.<\/strong>"},"content":{"rendered":"\n<p><strong>Irailaren 24an, Zelatuneko kontzentraziorako deia.<\/strong><\/p>\n\n\n\n<p>Gipuzkoako Mendizale Federazioak bere kezka agertu nahi du Eusko Jaurlaritzak onartutako Energia Berriztagarrien Lurralde Plan Sektorialaren aurrean.<\/p>\n\n\n\n<p>Egitasmoek aurrera eginez gero, ondorioak oso larriak izan daitezke, dokumentuak kokapen berriei atea irekitzen baitie. Energia eolikorako 57 &#8220;hautatutako kokapen-eremu&#8221; ezartzen ditu, eta 53 energia fotovoltaikorako. Puntu horietako gehienak Bizkaian eta Araban daude, baina Gipuzkoan ere haize-erroten 35 gune zehazten dira.<\/p>\n\n\n\n<p>Gure ustez, horrelako makroproiektu energetikoak gauzatzeak lurzoru naturaleko azalera handiak okupatzea ekarriko luke, inpaktu oso negatiboarekin, eta horrek berez asea dagoen gure lurraldearen kota altuen industrializazioa ekarriko luke.<\/p>\n\n\n\n<p>Gizarteak eredu energetikoa aldatzeko bidean aurrera egin behar duela jakinik, naturguneak errespetatu eta sakrifikatuko ez dituen eredu baten alde egiten dugu.<\/p>\n\n\n\n<p>Ez ditzagun naturguneak suntsitu, natura defendatzearen izenean.<\/p>\n\n\n\n<p>Horregatik, mendizale guztiei dei egiten diegu irailaren 24an, 13:00etan, Zelatunen &#8220;Sa\u00f1u Bizirik&#8221;-ek deitutako protesta kontzentraziora etor daitezen.<\/p>\n","protected":false},"excerpt":{"rendered":"<p>Irailaren 24an, Zelatuneko kontzentraziorako deia. Gipuzkoako Mendizale Federazioak bere kezka agertu nahi du Eusko Jaurlaritzak onartutako Energia Berriztagarrien Lurralde Plan Sektorialaren aurrean. Egitasmoek aurrera eginez gero, ondorioak oso larriak izan daitezke, dokumentuak kokapen berriei atea irekitzen baitie. Energia eolikorako 57 &#8220;hautatutako kokapen-eremu&#8221; ezartzen ditu, eta 53 energia fotovoltaikorako. Puntu horietako gehienak Bizkaian eta Araban daude, [&hellip;]<\/p>\n","protected":false},"author":1,"featured_media":229910,"comment_status":"open","ping_status":"closed","sticky":false,"template":"","format":"standard","meta":{"_acf_changed":false,"_et_pb_use_builder":"off","_et_pb_old_content":"","_et_gb_content_width":"","footnotes":""},"categories":[569],"tags":[],"class_list":["post-229912","post","type-post","status-publish","format-standard","has-post-thumbnail","hentry","category-denetarik"],"acf":[],"yoast_head":"<!-- This site is optimized with the Yoast SEO plugin v27.4 - https:\/\/yoast.com\/product\/yoast-seo-wordpress\/ -->\n<title>Energia Berriztagarrien Lurralde Plan Sektorialari buruzko Gipuzkoako Mendizale Federazioaren adierazpena. - Gipuzkoako Mendizale Federazioa - Federaci\u00f3n de Monta\u00f1a de Gipuzkoa<\/title>\n<meta name=\"robots\" content=\"index, follow, max-snippet:-1, max-image-preview:large, max-video-preview:-1\" \/>\n<link rel=\"canonical\" href=\"https:\/\/www.gmf.eus\/eu\/energia-berriztagarrien-lurralde-plan-sektorialari-buruzko-gipuzkoako-mendizale-federazioaren-adierazpena\/\" \/>\n<meta property=\"og:locale\" content=\"eu_ES\" \/>\n<meta property=\"og:type\" content=\"article\" \/>\n<meta property=\"og:title\" content=\"Energia Berriztagarrien Lurralde Plan Sektorialari buruzko Gipuzkoako Mendizale Federazioaren adierazpena. - Gipuzkoako Mendizale Federazioa - Federaci\u00f3n de Monta\u00f1a de Gipuzkoa\" \/>\n<meta property=\"og:description\" content=\"Irailaren 24an, Zelatuneko kontzentraziorako deia. Gipuzkoako Mendizale Federazioak bere kezka agertu nahi du Eusko Jaurlaritzak onartutako Energia Berriztagarrien Lurralde Plan Sektorialaren aurrean. Egitasmoek aurrera eginez gero, ondorioak oso larriak izan daitezke, dokumentuak kokapen berriei atea irekitzen baitie. Energia eolikorako 57 &#8220;hautatutako kokapen-eremu&#8221; ezartzen ditu, eta 53 energia fotovoltaikorako. Puntu horietako gehienak Bizkaian eta Araban daude, [&hellip;]\" \/>\n<meta property=\"og:site_name\" content=\"Gipuzkoako Mendizale Federazioa - Federaci\u00f3n de Monta\u00f1a de Gipuzkoa\" \/>\n<meta property=\"article:published_time\" content=\"2023-09-13T09:14:46+00:00\" \/>\n<meta property=\"og:image\" content=\"https:\/\/www.gmf.eus\/wp-content\/uploads\/2023\/09\/Plan-sectorial.jpeg\" \/>\n\t<meta property=\"og:image:width\" content=\"707\" \/>\n\t<meta property=\"og:image:height\" content=\"1000\" \/>\n\t<meta property=\"og:image:type\" content=\"image\/jpeg\" \/>\n<meta name=\"author\" content=\"GMF-FGM\" \/>\n<meta name=\"twitter:card\" content=\"summary_large_image\" \/>\n<meta name=\"twitter:label1\" content=\"Written by\" \/>\n\t<meta name=\"twitter:data1\" content=\"GMF-FGM\" \/>\n\t<meta name=\"twitter:label2\" content=\"Est. reading time\" \/>\n\t<meta name=\"twitter:data2\" content=\"1 minute\" \/>\n<script type=\"application\/ld+json\" class=\"yoast-schema-graph\">{\"@context\":\"https:\\\/\\\/schema.org\",\"@graph\":[{\"@type\":\"Article\",\"@id\":\"https:\\\/\\\/www.gmf.eus\\\/eu\\\/energia-berriztagarrien-lurralde-plan-sektorialari-buruzko-gipuzkoako-mendizale-federazioaren-adierazpena\\\/#article\",\"isPartOf\":{\"@id\":\"https:\\\/\\\/www.gmf.eus\\\/eu\\\/energia-berriztagarrien-lurralde-plan-sektorialari-buruzko-gipuzkoako-mendizale-federazioaren-adierazpena\\\/\"},\"author\":{\"name\":\"GMF-FGM\",\"@id\":\"https:\\\/\\\/www.gmf.eus\\\/#\\\/schema\\\/person\\\/597c1c59d31932f85ac5e90f1c8c609f\"},\"headline\":\"Energia Berriztagarrien Lurralde Plan Sektorialari buruzko Gipuzkoako Mendizale Federazioaren adierazpena.\",\"datePublished\":\"2023-09-13T09:14:46+00:00\",\"mainEntityOfPage\":{\"@id\":\"https:\\\/\\\/www.gmf.eus\\\/eu\\\/energia-berriztagarrien-lurralde-plan-sektorialari-buruzko-gipuzkoako-mendizale-federazioaren-adierazpena\\\/\"},\"wordCount\":145,\"commentCount\":0,\"publisher\":{\"@id\":\"https:\\\/\\\/www.gmf.eus\\\/#organization\"},\"image\":{\"@id\":\"https:\\\/\\\/www.gmf.eus\\\/eu\\\/energia-berriztagarrien-lurralde-plan-sektorialari-buruzko-gipuzkoako-mendizale-federazioaren-adierazpena\\\/#primaryimage\"},\"thumbnailUrl\":\"https:\\\/\\\/www.gmf.eus\\\/wp-content\\\/uploads\\\/2023\\\/09\\\/Plan-sectorial.jpeg\",\"articleSection\":[\"Denetarik\"],\"inLanguage\":\"eu-ES\",\"potentialAction\":[{\"@type\":\"CommentAction\",\"name\":\"Comment\",\"target\":[\"https:\\\/\\\/www.gmf.eus\\\/eu\\\/energia-berriztagarrien-lurralde-plan-sektorialari-buruzko-gipuzkoako-mendizale-federazioaren-adierazpena\\\/#respond\"]}]},{\"@type\":\"WebPage\",\"@id\":\"https:\\\/\\\/www.gmf.eus\\\/eu\\\/energia-berriztagarrien-lurralde-plan-sektorialari-buruzko-gipuzkoako-mendizale-federazioaren-adierazpena\\\/\",\"url\":\"https:\\\/\\\/www.gmf.eus\\\/eu\\\/energia-berriztagarrien-lurralde-plan-sektorialari-buruzko-gipuzkoako-mendizale-federazioaren-adierazpena\\\/\",\"name\":\"Energia Berriztagarrien Lurralde Plan Sektorialari buruzko Gipuzkoako Mendizale Federazioaren adierazpena. - Gipuzkoako Mendizale Federazioa - Federaci\u00f3n de Monta\u00f1a de Gipuzkoa\",\"isPartOf\":{\"@id\":\"https:\\\/\\\/www.gmf.eus\\\/#website\"},\"primaryImageOfPage\":{\"@id\":\"https:\\\/\\\/www.gmf.eus\\\/eu\\\/energia-berriztagarrien-lurralde-plan-sektorialari-buruzko-gipuzkoako-mendizale-federazioaren-adierazpena\\\/#primaryimage\"},\"image\":{\"@id\":\"https:\\\/\\\/www.gmf.eus\\\/eu\\\/energia-berriztagarrien-lurralde-plan-sektorialari-buruzko-gipuzkoako-mendizale-federazioaren-adierazpena\\\/#primaryimage\"},\"thumbnailUrl\":\"https:\\\/\\\/www.gmf.eus\\\/wp-content\\\/uploads\\\/2023\\\/09\\\/Plan-sectorial.jpeg\",\"datePublished\":\"2023-09-13T09:14:46+00:00\",\"breadcrumb\":{\"@id\":\"https:\\\/\\\/www.gmf.eus\\\/eu\\\/energia-berriztagarrien-lurralde-plan-sektorialari-buruzko-gipuzkoako-mendizale-federazioaren-adierazpena\\\/#breadcrumb\"},\"inLanguage\":\"eu-ES\",\"potentialAction\":[{\"@type\":\"ReadAction\",\"target\":[\"https:\\\/\\\/www.gmf.eus\\\/eu\\\/energia-berriztagarrien-lurralde-plan-sektorialari-buruzko-gipuzkoako-mendizale-federazioaren-adierazpena\\\/\"]}]},{\"@type\":\"ImageObject\",\"inLanguage\":\"eu-ES\",\"@id\":\"https:\\\/\\\/www.gmf.eus\\\/eu\\\/energia-berriztagarrien-lurralde-plan-sektorialari-buruzko-gipuzkoako-mendizale-federazioaren-adierazpena\\\/#primaryimage\",\"url\":\"https:\\\/\\\/www.gmf.eus\\\/wp-content\\\/uploads\\\/2023\\\/09\\\/Plan-sectorial.jpeg\",\"contentUrl\":\"https:\\\/\\\/www.gmf.eus\\\/wp-content\\\/uploads\\\/2023\\\/09\\\/Plan-sectorial.jpeg\",\"width\":707,\"height\":1000},{\"@type\":\"BreadcrumbList\",\"@id\":\"https:\\\/\\\/www.gmf.eus\\\/eu\\\/energia-berriztagarrien-lurralde-plan-sektorialari-buruzko-gipuzkoako-mendizale-federazioaren-adierazpena\\\/#breadcrumb\",\"itemListElement\":[{\"@type\":\"ListItem\",\"position\":1,\"name\":\"Portada\",\"item\":\"https:\\\/\\\/www.gmf.eus\\\/\"},{\"@type\":\"ListItem\",\"position\":2,\"name\":\"Energia Berriztagarrien Lurralde Plan Sektorialari buruzko Gipuzkoako Mendizale Federazioaren adierazpena.\"}]},{\"@type\":\"WebSite\",\"@id\":\"https:\\\/\\\/www.gmf.eus\\\/#website\",\"url\":\"https:\\\/\\\/www.gmf.eus\\\/\",\"name\":\"Gipuzkoako Mendizale Federazioa - Federaci\u00f3n de Monta\u00f1a de Gipuzkoa\",\"description\":\"Federacion de monta\u00f1a de gipuzkoa, en la que encontrar\u00e1s noticias de escalada, cursos online, competici\u00f3n, senderismo, actualidad...\",\"publisher\":{\"@id\":\"https:\\\/\\\/www.gmf.eus\\\/#organization\"},\"potentialAction\":[{\"@type\":\"SearchAction\",\"target\":{\"@type\":\"EntryPoint\",\"urlTemplate\":\"https:\\\/\\\/www.gmf.eus\\\/?s={search_term_string}\"},\"query-input\":{\"@type\":\"PropertyValueSpecification\",\"valueRequired\":true,\"valueName\":\"search_term_string\"}}],\"inLanguage\":\"eu-ES\"},{\"@type\":\"Organization\",\"@id\":\"https:\\\/\\\/www.gmf.eus\\\/#organization\",\"name\":\"Gipuzkoako Mendizale Federazioa - Federaci\u00f3n de Monta\u00f1a de Gipuzkoa\",\"url\":\"https:\\\/\\\/www.gmf.eus\\\/\",\"logo\":{\"@type\":\"ImageObject\",\"inLanguage\":\"eu-ES\",\"@id\":\"https:\\\/\\\/www.gmf.eus\\\/#\\\/schema\\\/logo\\\/image\\\/\",\"url\":\"https:\\\/\\\/www.gmf.eus\\\/wp-content\\\/uploads\\\/2022\\\/09\\\/GMF-logo_newsletter-1.png\",\"contentUrl\":\"https:\\\/\\\/www.gmf.eus\\\/wp-content\\\/uploads\\\/2022\\\/09\\\/GMF-logo_newsletter-1.png\",\"width\":150,\"height\":68,\"caption\":\"Gipuzkoako Mendizale Federazioa - Federaci\u00f3n de Monta\u00f1a de Gipuzkoa\"},\"image\":{\"@id\":\"https:\\\/\\\/www.gmf.eus\\\/#\\\/schema\\\/logo\\\/image\\\/\"}},{\"@type\":\"Person\",\"@id\":\"https:\\\/\\\/www.gmf.eus\\\/#\\\/schema\\\/person\\\/597c1c59d31932f85ac5e90f1c8c609f\",\"name\":\"GMF-FGM\",\"image\":{\"@type\":\"ImageObject\",\"inLanguage\":\"eu-ES\",\"@id\":\"https:\\\/\\\/secure.gravatar.com\\\/avatar\\\/3de8ba06dec168886f51c3b8be42706dada78275742bca03e66af80032253424?s=96&d=blank&r=g\",\"url\":\"https:\\\/\\\/secure.gravatar.com\\\/avatar\\\/3de8ba06dec168886f51c3b8be42706dada78275742bca03e66af80032253424?s=96&d=blank&r=g\",\"contentUrl\":\"https:\\\/\\\/secure.gravatar.com\\\/avatar\\\/3de8ba06dec168886f51c3b8be42706dada78275742bca03e66af80032253424?s=96&d=blank&r=g\",\"caption\":\"GMF-FGM\"},\"sameAs\":[\"https:\\\/\\\/www.gmf.eus\"],\"url\":\"https:\\\/\\\/www.gmf.eus\\\/eu\\\/author\\\/administrazioa\\\/\"}]}<\/script>\n<!-- \/ Yoast SEO plugin. -->","yoast_head_json":{"title":"Energia Berriztagarrien Lurralde Plan Sektorialari buruzko Gipuzkoako Mendizale Federazioaren adierazpena. - Gipuzkoako Mendizale Federazioa - Federaci\u00f3n de Monta\u00f1a de Gipuzkoa","robots":{"index":"index","follow":"follow","max-snippet":"max-snippet:-1","max-image-preview":"max-image-preview:large","max-video-preview":"max-video-preview:-1"},"canonical":"https:\/\/www.gmf.eus\/eu\/energia-berriztagarrien-lurralde-plan-sektorialari-buruzko-gipuzkoako-mendizale-federazioaren-adierazpena\/","og_locale":"eu_ES","og_type":"article","og_title":"Energia Berriztagarrien Lurralde Plan Sektorialari buruzko Gipuzkoako Mendizale Federazioaren adierazpena. - Gipuzkoako Mendizale Federazioa - Federaci\u00f3n de Monta\u00f1a de Gipuzkoa","og_description":"Irailaren 24an, Zelatuneko kontzentraziorako deia. Gipuzkoako Mendizale Federazioak bere kezka agertu nahi du Eusko Jaurlaritzak onartutako Energia Berriztagarrien Lurralde Plan Sektorialaren aurrean. Egitasmoek aurrera eginez gero, ondorioak oso larriak izan daitezke, dokumentuak kokapen berriei atea irekitzen baitie. Energia eolikorako 57 &#8220;hautatutako kokapen-eremu&#8221; ezartzen ditu, eta 53 energia fotovoltaikorako. Puntu horietako gehienak Bizkaian eta Araban daude, [&hellip;]","og_site_name":"Gipuzkoako Mendizale Federazioa - Federaci\u00f3n de Monta\u00f1a de Gipuzkoa","article_published_time":"2023-09-13T09:14:46+00:00","og_image":[{"width":707,"height":1000,"url":"https:\/\/www.gmf.eus\/wp-content\/uploads\/2023\/09\/Plan-sectorial.jpeg","type":"image\/jpeg"}],"author":"GMF-FGM","twitter_card":"summary_large_image","twitter_misc":{"Written by":"GMF-FGM","Est. reading time":"1 minute"},"schema":{"@context":"https:\/\/schema.org","@graph":[{"@type":"Article","@id":"https:\/\/www.gmf.eus\/eu\/energia-berriztagarrien-lurralde-plan-sektorialari-buruzko-gipuzkoako-mendizale-federazioaren-adierazpena\/#article","isPartOf":{"@id":"https:\/\/www.gmf.eus\/eu\/energia-berriztagarrien-lurralde-plan-sektorialari-buruzko-gipuzkoako-mendizale-federazioaren-adierazpena\/"},"author":{"name":"GMF-FGM","@id":"https:\/\/www.gmf.eus\/#\/schema\/person\/597c1c59d31932f85ac5e90f1c8c609f"},"headline":"Energia Berriztagarrien Lurralde Plan Sektorialari buruzko Gipuzkoako Mendizale Federazioaren adierazpena.","datePublished":"2023-09-13T09:14:46+00:00","mainEntityOfPage":{"@id":"https:\/\/www.gmf.eus\/eu\/energia-berriztagarrien-lurralde-plan-sektorialari-buruzko-gipuzkoako-mendizale-federazioaren-adierazpena\/"},"wordCount":145,"commentCount":0,"publisher":{"@id":"https:\/\/www.gmf.eus\/#organization"},"image":{"@id":"https:\/\/www.gmf.eus\/eu\/energia-berriztagarrien-lurralde-plan-sektorialari-buruzko-gipuzkoako-mendizale-federazioaren-adierazpena\/#primaryimage"},"thumbnailUrl":"https:\/\/www.gmf.eus\/wp-content\/uploads\/2023\/09\/Plan-sectorial.jpeg","articleSection":["Denetarik"],"inLanguage":"eu-ES","potentialAction":[{"@type":"CommentAction","name":"Comment","target":["https:\/\/www.gmf.eus\/eu\/energia-berriztagarrien-lurralde-plan-sektorialari-buruzko-gipuzkoako-mendizale-federazioaren-adierazpena\/#respond"]}]},{"@type":"WebPage","@id":"https:\/\/www.gmf.eus\/eu\/energia-berriztagarrien-lurralde-plan-sektorialari-buruzko-gipuzkoako-mendizale-federazioaren-adierazpena\/","url":"https:\/\/www.gmf.eus\/eu\/energia-berriztagarrien-lurralde-plan-sektorialari-buruzko-gipuzkoako-mendizale-federazioaren-adierazpena\/","name":"Energia Berriztagarrien Lurralde Plan Sektorialari buruzko Gipuzkoako Mendizale Federazioaren adierazpena. - Gipuzkoako Mendizale Federazioa - Federaci\u00f3n de Monta\u00f1a de Gipuzkoa","isPartOf":{"@id":"https:\/\/www.gmf.eus\/#website"},"primaryImageOfPage":{"@id":"https:\/\/www.gmf.eus\/eu\/energia-berriztagarrien-lurralde-plan-sektorialari-buruzko-gipuzkoako-mendizale-federazioaren-adierazpena\/#primaryimage"},"image":{"@id":"https:\/\/www.gmf.eus\/eu\/energia-berriztagarrien-lurralde-plan-sektorialari-buruzko-gipuzkoako-mendizale-federazioaren-adierazpena\/#primaryimage"},"thumbnailUrl":"https:\/\/www.gmf.eus\/wp-content\/uploads\/2023\/09\/Plan-sectorial.jpeg","datePublished":"2023-09-13T09:14:46+00:00","breadcrumb":{"@id":"https:\/\/www.gmf.eus\/eu\/energia-berriztagarrien-lurralde-plan-sektorialari-buruzko-gipuzkoako-mendizale-federazioaren-adierazpena\/#breadcrumb"},"inLanguage":"eu-ES","potentialAction":[{"@type":"ReadAction","target":["https:\/\/www.gmf.eus\/eu\/energia-berriztagarrien-lurralde-plan-sektorialari-buruzko-gipuzkoako-mendizale-federazioaren-adierazpena\/"]}]},{"@type":"ImageObject","inLanguage":"eu-ES","@id":"https:\/\/www.gmf.eus\/eu\/energia-berriztagarrien-lurralde-plan-sektorialari-buruzko-gipuzkoako-mendizale-federazioaren-adierazpena\/#primaryimage","url":"https:\/\/www.gmf.eus\/wp-content\/uploads\/2023\/09\/Plan-sectorial.jpeg","contentUrl":"https:\/\/www.gmf.eus\/wp-content\/uploads\/2023\/09\/Plan-sectorial.jpeg","width":707,"height":1000},{"@type":"BreadcrumbList","@id":"https:\/\/www.gmf.eus\/eu\/energia-berriztagarrien-lurralde-plan-sektorialari-buruzko-gipuzkoako-mendizale-federazioaren-adierazpena\/#breadcrumb","itemListElement":[{"@type":"ListItem","position":1,"name":"Portada","item":"https:\/\/www.gmf.eus\/"},{"@type":"ListItem","position":2,"name":"Energia Berriztagarrien Lurralde Plan Sektorialari buruzko Gipuzkoako Mendizale Federazioaren adierazpena."}]},{"@type":"WebSite","@id":"https:\/\/www.gmf.eus\/#website","url":"https:\/\/www.gmf.eus\/","name":"Gipuzkoako Mendizale Federazioa - Federaci\u00f3n de Monta\u00f1a de Gipuzkoa","description":"Federacion de monta\u00f1a de gipuzkoa, en la que encontrar\u00e1s noticias de escalada, cursos online, competici\u00f3n, senderismo, actualidad...","publisher":{"@id":"https:\/\/www.gmf.eus\/#organization"},"potentialAction":[{"@type":"SearchAction","target":{"@type":"EntryPoint","urlTemplate":"https:\/\/www.gmf.eus\/?s={search_term_string}"},"query-input":{"@type":"PropertyValueSpecification","valueRequired":true,"valueName":"search_term_string"}}],"inLanguage":"eu-ES"},{"@type":"Organization","@id":"https:\/\/www.gmf.eus\/#organization","name":"Gipuzkoako Mendizale Federazioa - Federaci\u00f3n de Monta\u00f1a de Gipuzkoa","url":"https:\/\/www.gmf.eus\/","logo":{"@type":"ImageObject","inLanguage":"eu-ES","@id":"https:\/\/www.gmf.eus\/#\/schema\/logo\/image\/","url":"https:\/\/www.gmf.eus\/wp-content\/uploads\/2022\/09\/GMF-logo_newsletter-1.png","contentUrl":"https:\/\/www.gmf.eus\/wp-content\/uploads\/2022\/09\/GMF-logo_newsletter-1.png","width":150,"height":68,"caption":"Gipuzkoako Mendizale Federazioa - Federaci\u00f3n de Monta\u00f1a de Gipuzkoa"},"image":{"@id":"https:\/\/www.gmf.eus\/#\/schema\/logo\/image\/"}},{"@type":"Person","@id":"https:\/\/www.gmf.eus\/#\/schema\/person\/597c1c59d31932f85ac5e90f1c8c609f","name":"GMF-FGM","image":{"@type":"ImageObject","inLanguage":"eu-ES","@id":"https:\/\/secure.gravatar.com\/avatar\/3de8ba06dec168886f51c3b8be42706dada78275742bca03e66af80032253424?s=96&d=blank&r=g","url":"https:\/\/secure.gravatar.com\/avatar\/3de8ba06dec168886f51c3b8be42706dada78275742bca03e66af80032253424?s=96&d=blank&r=g","contentUrl":"https:\/\/secure.gravatar.com\/avatar\/3de8ba06dec168886f51c3b8be42706dada78275742bca03e66af80032253424?s=96&d=blank&r=g","caption":"GMF-FGM"},"sameAs":["https:\/\/www.gmf.eus"],"url":"https:\/\/www.gmf.eus\/eu\/author\/administrazioa\/"}]}},"_links":{"self":[{"href":"https:\/\/www.gmf.eus\/eu\/wp-json\/wp\/v2\/posts\/229912","targetHints":{"allow":["GET"]}}],"collection":[{"href":"https:\/\/www.gmf.eus\/eu\/wp-json\/wp\/v2\/posts"}],"about":[{"href":"https:\/\/www.gmf.eus\/eu\/wp-json\/wp\/v2\/types\/post"}],"author":[{"embeddable":true,"href":"https:\/\/www.gmf.eus\/eu\/wp-json\/wp\/v2\/users\/1"}],"replies":[{"embeddable":true,"href":"https:\/\/www.gmf.eus\/eu\/wp-json\/wp\/v2\/comments?post=229912"}],"version-history":[{"count":0,"href":"https:\/\/www.gmf.eus\/eu\/wp-json\/wp\/v2\/posts\/229912\/revisions"}],"wp:featuredmedia":[{"embeddable":true,"href":"https:\/\/www.gmf.eus\/eu\/wp-json\/wp\/v2\/media\/229910"}],"wp:attachment":[{"href":"https:\/\/www.gmf.eus\/eu\/wp-json\/wp\/v2\/media?parent=229912"}],"wp:term":[{"taxonomy":"category","embeddable":true,"href":"https:\/\/www.gmf.eus\/eu\/wp-json\/wp\/v2\/categories?post=229912"},{"taxonomy":"post_tag","embeddable":true,"href":"https:\/\/www.gmf.eus\/eu\/wp-json\/wp\/v2\/tags?post=229912"}],"curies":[{"name":"wp","href":"https:\/\/api.w.org\/{rel}","templated":true}]}}