{"id":229935,"date":"2023-09-18T12:35:27","date_gmt":"2023-09-18T10:35:27","guid":{"rendered":"https:\/\/www.gmf.eus\/proyecto-de-preservacion-de-la-toponimia-de-aizkorri-aratz\/"},"modified":"2023-09-18T12:36:45","modified_gmt":"2023-09-18T10:36:45","slug":"proyecto-de-preservacion-de-la-toponimia-de-aizkorri-aratz","status":"publish","type":"post","link":"https:\/\/www.gmf.eus\/eu\/proyecto-de-preservacion-de-la-toponimia-de-aizkorri-aratz\/","title":{"rendered":"Aizkorri-Aratzeko Toponimia babesteko egitasmoa"},"content":{"rendered":"\n<p>Joan den urtean Aralarko Parke Naturalean egin genuen bezala, aurten ere <strong>Gipuzkoako Foru Aldundia, Ruralkutxa erakundea<\/strong> eta <strong>Gipuzkoako Mendizale Federazioak<\/strong> Aizkorri-Aratz Parke Naturaleko toponimia berrezkuratu eta balioan jartzeko egitasmoaren hitzarmena sinatu dugu.<\/p>\n\n\n\n<p>Guretzat bereziak dira leku-izen edo toponimoak. Herri baten nortasunaren alderdi nagusietako bat bere hizkuntza dela uste dugu Gipuzkoako Mendizale federazioan. Horrez gain, toponimia zaintzea, babestea, eta datozen belaunaldiei modu egokian transmititzea ezinbestekoa dela iruditzen zaigu.<\/p>\n\n\n\n<p>Bestalde, mendiko jarduera askotan zoritxarrez istripuak gertatzen dira, eta erreskate-taldeen erantzun azkarra ezinbestekoa izan daiteke batzuetan.<\/p>\n\n\n\n<p>Hiruerakundeen arteko lankidetza hitzarmen berriak bi alderdi hauek lantzen ditu; toponimiaren berreskuraketa eta mendiko istripuen aurrean gerta daitezkeen erreskateak erraztea.<\/p>\n\n\n\n<p>Aizkorri-Aratz natur parkean dauzkagun 86 zutoinetan leku-izena, Eusko Jaurlaritzako Segurtasun Sailarekin aldez aurretik adostutako zenbaki kode bat eta larrialdietako tel\u00e9fono zenbakia gehituko ditugu.<\/p>\n\n\n\n<p>Gai honetan interesa eduki dezakeen edonor irailaren 23an egingo den auzolan jardunaldira gonbidatzen dugu, Arantzazutik&nbsp; Urbiarako ibilbidea osatu eta bidean topatuko ditugun zutoinetan plaka horietako batzuk auzolanean jartzera, ondoren Arantzazun bazkalduko dugularik.<\/p>\n\n\n\n<p>Parte-hartzeko interesa izanez gero jar zaitezte harremanetan Federazioko bulegoarekin, 943 461440 telefono zenbakian edo <strong><a href=\"mailto:gmf-administrazioa@kirolak.net\">gmf-administrazioa@kirolak.net<\/a><\/strong> helbidean. Ordutegiei buruzko informazioa aurrerago adieraziko zaizue.<\/p>\n\n\n\n<p>Zuen parte-hartzea eskertuz,<\/p>\n","protected":false},"excerpt":{"rendered":"<p>Joan den urtean Aralarko Parke Naturalean egin genuen bezala, aurten ere Gipuzkoako Foru Aldundia, Ruralkutxa erakundea eta Gipuzkoako Mendizale Federazioak Aizkorri-Aratz Parke Naturaleko toponimia berrezkuratu eta balioan jartzeko egitasmoaren hitzarmena sinatu dugu. Guretzat bereziak dira leku-izen edo toponimoak. Herri baten nortasunaren alderdi nagusietako bat bere hizkuntza dela uste dugu Gipuzkoako Mendizale federazioan. Horrez gain, toponimia [&hellip;]<\/p>\n","protected":false},"author":1,"featured_media":229933,"comment_status":"open","ping_status":"closed","sticky":false,"template":"","format":"standard","meta":{"_acf_changed":false,"_et_pb_use_builder":"off","_et_pb_old_content":"","_et_gb_content_width":"","footnotes":""},"categories":[569],"tags":[],"class_list":["post-229935","post","type-post","status-publish","format-standard","has-post-thumbnail","hentry","category-denetarik"],"acf":[],"yoast_head":"<!-- This site is optimized with the Yoast SEO plugin v27.4 - https:\/\/yoast.com\/product\/yoast-seo-wordpress\/ -->\n<title>Aizkorri-Aratzeko Toponimia babesteko egitasmoa - Gipuzkoako Mendizale Federazioa - Federaci\u00f3n de Monta\u00f1a de Gipuzkoa<\/title>\n<meta name=\"robots\" content=\"index, follow, max-snippet:-1, max-image-preview:large, max-video-preview:-1\" \/>\n<link rel=\"canonical\" href=\"https:\/\/www.gmf.eus\/eu\/proyecto-de-preservacion-de-la-toponimia-de-aizkorri-aratz\/\" \/>\n<meta property=\"og:locale\" content=\"eu_ES\" \/>\n<meta property=\"og:type\" content=\"article\" \/>\n<meta property=\"og:title\" content=\"Aizkorri-Aratzeko Toponimia babesteko egitasmoa - Gipuzkoako Mendizale Federazioa - Federaci\u00f3n de Monta\u00f1a de Gipuzkoa\" \/>\n<meta property=\"og:description\" content=\"Joan den urtean Aralarko Parke Naturalean egin genuen bezala, aurten ere Gipuzkoako Foru Aldundia, Ruralkutxa erakundea eta Gipuzkoako Mendizale Federazioak Aizkorri-Aratz Parke Naturaleko toponimia berrezkuratu eta balioan jartzeko egitasmoaren hitzarmena sinatu dugu. Guretzat bereziak dira leku-izen edo toponimoak. Herri baten nortasunaren alderdi nagusietako bat bere hizkuntza dela uste dugu Gipuzkoako Mendizale federazioan. Horrez gain, toponimia [&hellip;]\" \/>\n<meta property=\"og:site_name\" content=\"Gipuzkoako Mendizale Federazioa - Federaci\u00f3n de Monta\u00f1a de Gipuzkoa\" \/>\n<meta property=\"article:published_time\" content=\"2023-09-18T10:35:27+00:00\" \/>\n<meta property=\"article:modified_time\" content=\"2023-09-18T10:36:45+00:00\" \/>\n<meta property=\"og:image\" content=\"https:\/\/www.gmf.eus\/wp-content\/uploads\/2023\/09\/RURALKUTXA.jpg\" \/>\n\t<meta property=\"og:image:width\" content=\"1200\" \/>\n\t<meta property=\"og:image:height\" content=\"1600\" \/>\n\t<meta property=\"og:image:type\" content=\"image\/jpeg\" \/>\n<meta name=\"author\" content=\"GMF-FGM\" \/>\n<meta name=\"twitter:card\" content=\"summary_large_image\" \/>\n<meta name=\"twitter:label1\" content=\"Written by\" \/>\n\t<meta name=\"twitter:data1\" content=\"GMF-FGM\" \/>\n\t<meta name=\"twitter:label2\" content=\"Est. reading time\" \/>\n\t<meta name=\"twitter:data2\" content=\"1 minute\" \/>\n<script type=\"application\/ld+json\" class=\"yoast-schema-graph\">{\"@context\":\"https:\\\/\\\/schema.org\",\"@graph\":[{\"@type\":\"Article\",\"@id\":\"https:\\\/\\\/www.gmf.eus\\\/eu\\\/proyecto-de-preservacion-de-la-toponimia-de-aizkorri-aratz\\\/#article\",\"isPartOf\":{\"@id\":\"https:\\\/\\\/www.gmf.eus\\\/eu\\\/proyecto-de-preservacion-de-la-toponimia-de-aizkorri-aratz\\\/\"},\"author\":{\"name\":\"GMF-FGM\",\"@id\":\"https:\\\/\\\/www.gmf.eus\\\/#\\\/schema\\\/person\\\/597c1c59d31932f85ac5e90f1c8c609f\"},\"headline\":\"Aizkorri-Aratzeko Toponimia babesteko egitasmoa\",\"datePublished\":\"2023-09-18T10:35:27+00:00\",\"dateModified\":\"2023-09-18T10:36:45+00:00\",\"mainEntityOfPage\":{\"@id\":\"https:\\\/\\\/www.gmf.eus\\\/eu\\\/proyecto-de-preservacion-de-la-toponimia-de-aizkorri-aratz\\\/\"},\"wordCount\":188,\"commentCount\":0,\"publisher\":{\"@id\":\"https:\\\/\\\/www.gmf.eus\\\/#organization\"},\"image\":{\"@id\":\"https:\\\/\\\/www.gmf.eus\\\/eu\\\/proyecto-de-preservacion-de-la-toponimia-de-aizkorri-aratz\\\/#primaryimage\"},\"thumbnailUrl\":\"https:\\\/\\\/www.gmf.eus\\\/wp-content\\\/uploads\\\/2023\\\/09\\\/RURALKUTXA.jpg\",\"articleSection\":[\"Denetarik\"],\"inLanguage\":\"eu-ES\",\"potentialAction\":[{\"@type\":\"CommentAction\",\"name\":\"Comment\",\"target\":[\"https:\\\/\\\/www.gmf.eus\\\/eu\\\/proyecto-de-preservacion-de-la-toponimia-de-aizkorri-aratz\\\/#respond\"]}]},{\"@type\":\"WebPage\",\"@id\":\"https:\\\/\\\/www.gmf.eus\\\/eu\\\/proyecto-de-preservacion-de-la-toponimia-de-aizkorri-aratz\\\/\",\"url\":\"https:\\\/\\\/www.gmf.eus\\\/eu\\\/proyecto-de-preservacion-de-la-toponimia-de-aizkorri-aratz\\\/\",\"name\":\"Aizkorri-Aratzeko Toponimia babesteko egitasmoa - Gipuzkoako Mendizale Federazioa - Federaci\u00f3n de Monta\u00f1a de Gipuzkoa\",\"isPartOf\":{\"@id\":\"https:\\\/\\\/www.gmf.eus\\\/#website\"},\"primaryImageOfPage\":{\"@id\":\"https:\\\/\\\/www.gmf.eus\\\/eu\\\/proyecto-de-preservacion-de-la-toponimia-de-aizkorri-aratz\\\/#primaryimage\"},\"image\":{\"@id\":\"https:\\\/\\\/www.gmf.eus\\\/eu\\\/proyecto-de-preservacion-de-la-toponimia-de-aizkorri-aratz\\\/#primaryimage\"},\"thumbnailUrl\":\"https:\\\/\\\/www.gmf.eus\\\/wp-content\\\/uploads\\\/2023\\\/09\\\/RURALKUTXA.jpg\",\"datePublished\":\"2023-09-18T10:35:27+00:00\",\"dateModified\":\"2023-09-18T10:36:45+00:00\",\"breadcrumb\":{\"@id\":\"https:\\\/\\\/www.gmf.eus\\\/eu\\\/proyecto-de-preservacion-de-la-toponimia-de-aizkorri-aratz\\\/#breadcrumb\"},\"inLanguage\":\"eu-ES\",\"potentialAction\":[{\"@type\":\"ReadAction\",\"target\":[\"https:\\\/\\\/www.gmf.eus\\\/eu\\\/proyecto-de-preservacion-de-la-toponimia-de-aizkorri-aratz\\\/\"]}]},{\"@type\":\"ImageObject\",\"inLanguage\":\"eu-ES\",\"@id\":\"https:\\\/\\\/www.gmf.eus\\\/eu\\\/proyecto-de-preservacion-de-la-toponimia-de-aizkorri-aratz\\\/#primaryimage\",\"url\":\"https:\\\/\\\/www.gmf.eus\\\/wp-content\\\/uploads\\\/2023\\\/09\\\/RURALKUTXA.jpg\",\"contentUrl\":\"https:\\\/\\\/www.gmf.eus\\\/wp-content\\\/uploads\\\/2023\\\/09\\\/RURALKUTXA.jpg\",\"width\":1200,\"height\":1600},{\"@type\":\"BreadcrumbList\",\"@id\":\"https:\\\/\\\/www.gmf.eus\\\/eu\\\/proyecto-de-preservacion-de-la-toponimia-de-aizkorri-aratz\\\/#breadcrumb\",\"itemListElement\":[{\"@type\":\"ListItem\",\"position\":1,\"name\":\"Portada\",\"item\":\"https:\\\/\\\/www.gmf.eus\\\/\"},{\"@type\":\"ListItem\",\"position\":2,\"name\":\"Aizkorri-Aratzeko Toponimia babesteko egitasmoa\"}]},{\"@type\":\"WebSite\",\"@id\":\"https:\\\/\\\/www.gmf.eus\\\/#website\",\"url\":\"https:\\\/\\\/www.gmf.eus\\\/\",\"name\":\"Gipuzkoako Mendizale Federazioa - Federaci\u00f3n de Monta\u00f1a de Gipuzkoa\",\"description\":\"Federacion de monta\u00f1a de gipuzkoa, en la que encontrar\u00e1s noticias de escalada, cursos online, competici\u00f3n, senderismo, actualidad...\",\"publisher\":{\"@id\":\"https:\\\/\\\/www.gmf.eus\\\/#organization\"},\"potentialAction\":[{\"@type\":\"SearchAction\",\"target\":{\"@type\":\"EntryPoint\",\"urlTemplate\":\"https:\\\/\\\/www.gmf.eus\\\/?s={search_term_string}\"},\"query-input\":{\"@type\":\"PropertyValueSpecification\",\"valueRequired\":true,\"valueName\":\"search_term_string\"}}],\"inLanguage\":\"eu-ES\"},{\"@type\":\"Organization\",\"@id\":\"https:\\\/\\\/www.gmf.eus\\\/#organization\",\"name\":\"Gipuzkoako Mendizale Federazioa - Federaci\u00f3n de Monta\u00f1a de Gipuzkoa\",\"url\":\"https:\\\/\\\/www.gmf.eus\\\/\",\"logo\":{\"@type\":\"ImageObject\",\"inLanguage\":\"eu-ES\",\"@id\":\"https:\\\/\\\/www.gmf.eus\\\/#\\\/schema\\\/logo\\\/image\\\/\",\"url\":\"https:\\\/\\\/www.gmf.eus\\\/wp-content\\\/uploads\\\/2022\\\/09\\\/GMF-logo_newsletter-1.png\",\"contentUrl\":\"https:\\\/\\\/www.gmf.eus\\\/wp-content\\\/uploads\\\/2022\\\/09\\\/GMF-logo_newsletter-1.png\",\"width\":150,\"height\":68,\"caption\":\"Gipuzkoako Mendizale Federazioa - Federaci\u00f3n de Monta\u00f1a de Gipuzkoa\"},\"image\":{\"@id\":\"https:\\\/\\\/www.gmf.eus\\\/#\\\/schema\\\/logo\\\/image\\\/\"}},{\"@type\":\"Person\",\"@id\":\"https:\\\/\\\/www.gmf.eus\\\/#\\\/schema\\\/person\\\/597c1c59d31932f85ac5e90f1c8c609f\",\"name\":\"GMF-FGM\",\"image\":{\"@type\":\"ImageObject\",\"inLanguage\":\"eu-ES\",\"@id\":\"https:\\\/\\\/secure.gravatar.com\\\/avatar\\\/3de8ba06dec168886f51c3b8be42706dada78275742bca03e66af80032253424?s=96&d=blank&r=g\",\"url\":\"https:\\\/\\\/secure.gravatar.com\\\/avatar\\\/3de8ba06dec168886f51c3b8be42706dada78275742bca03e66af80032253424?s=96&d=blank&r=g\",\"contentUrl\":\"https:\\\/\\\/secure.gravatar.com\\\/avatar\\\/3de8ba06dec168886f51c3b8be42706dada78275742bca03e66af80032253424?s=96&d=blank&r=g\",\"caption\":\"GMF-FGM\"},\"sameAs\":[\"https:\\\/\\\/www.gmf.eus\"],\"url\":\"https:\\\/\\\/www.gmf.eus\\\/eu\\\/author\\\/administrazioa\\\/\"}]}<\/script>\n<!-- \/ Yoast SEO plugin. -->","yoast_head_json":{"title":"Aizkorri-Aratzeko Toponimia babesteko egitasmoa - Gipuzkoako Mendizale Federazioa - Federaci\u00f3n de Monta\u00f1a de Gipuzkoa","robots":{"index":"index","follow":"follow","max-snippet":"max-snippet:-1","max-image-preview":"max-image-preview:large","max-video-preview":"max-video-preview:-1"},"canonical":"https:\/\/www.gmf.eus\/eu\/proyecto-de-preservacion-de-la-toponimia-de-aizkorri-aratz\/","og_locale":"eu_ES","og_type":"article","og_title":"Aizkorri-Aratzeko Toponimia babesteko egitasmoa - Gipuzkoako Mendizale Federazioa - Federaci\u00f3n de Monta\u00f1a de Gipuzkoa","og_description":"Joan den urtean Aralarko Parke Naturalean egin genuen bezala, aurten ere Gipuzkoako Foru Aldundia, Ruralkutxa erakundea eta Gipuzkoako Mendizale Federazioak Aizkorri-Aratz Parke Naturaleko toponimia berrezkuratu eta balioan jartzeko egitasmoaren hitzarmena sinatu dugu. Guretzat bereziak dira leku-izen edo toponimoak. Herri baten nortasunaren alderdi nagusietako bat bere hizkuntza dela uste dugu Gipuzkoako Mendizale federazioan. Horrez gain, toponimia [&hellip;]","og_site_name":"Gipuzkoako Mendizale Federazioa - Federaci\u00f3n de Monta\u00f1a de Gipuzkoa","article_published_time":"2023-09-18T10:35:27+00:00","article_modified_time":"2023-09-18T10:36:45+00:00","og_image":[{"width":1200,"height":1600,"url":"https:\/\/www.gmf.eus\/wp-content\/uploads\/2023\/09\/RURALKUTXA.jpg","type":"image\/jpeg"}],"author":"GMF-FGM","twitter_card":"summary_large_image","twitter_misc":{"Written by":"GMF-FGM","Est. reading time":"1 minute"},"schema":{"@context":"https:\/\/schema.org","@graph":[{"@type":"Article","@id":"https:\/\/www.gmf.eus\/eu\/proyecto-de-preservacion-de-la-toponimia-de-aizkorri-aratz\/#article","isPartOf":{"@id":"https:\/\/www.gmf.eus\/eu\/proyecto-de-preservacion-de-la-toponimia-de-aizkorri-aratz\/"},"author":{"name":"GMF-FGM","@id":"https:\/\/www.gmf.eus\/#\/schema\/person\/597c1c59d31932f85ac5e90f1c8c609f"},"headline":"Aizkorri-Aratzeko Toponimia babesteko egitasmoa","datePublished":"2023-09-18T10:35:27+00:00","dateModified":"2023-09-18T10:36:45+00:00","mainEntityOfPage":{"@id":"https:\/\/www.gmf.eus\/eu\/proyecto-de-preservacion-de-la-toponimia-de-aizkorri-aratz\/"},"wordCount":188,"commentCount":0,"publisher":{"@id":"https:\/\/www.gmf.eus\/#organization"},"image":{"@id":"https:\/\/www.gmf.eus\/eu\/proyecto-de-preservacion-de-la-toponimia-de-aizkorri-aratz\/#primaryimage"},"thumbnailUrl":"https:\/\/www.gmf.eus\/wp-content\/uploads\/2023\/09\/RURALKUTXA.jpg","articleSection":["Denetarik"],"inLanguage":"eu-ES","potentialAction":[{"@type":"CommentAction","name":"Comment","target":["https:\/\/www.gmf.eus\/eu\/proyecto-de-preservacion-de-la-toponimia-de-aizkorri-aratz\/#respond"]}]},{"@type":"WebPage","@id":"https:\/\/www.gmf.eus\/eu\/proyecto-de-preservacion-de-la-toponimia-de-aizkorri-aratz\/","url":"https:\/\/www.gmf.eus\/eu\/proyecto-de-preservacion-de-la-toponimia-de-aizkorri-aratz\/","name":"Aizkorri-Aratzeko Toponimia babesteko egitasmoa - Gipuzkoako Mendizale Federazioa - Federaci\u00f3n de Monta\u00f1a de Gipuzkoa","isPartOf":{"@id":"https:\/\/www.gmf.eus\/#website"},"primaryImageOfPage":{"@id":"https:\/\/www.gmf.eus\/eu\/proyecto-de-preservacion-de-la-toponimia-de-aizkorri-aratz\/#primaryimage"},"image":{"@id":"https:\/\/www.gmf.eus\/eu\/proyecto-de-preservacion-de-la-toponimia-de-aizkorri-aratz\/#primaryimage"},"thumbnailUrl":"https:\/\/www.gmf.eus\/wp-content\/uploads\/2023\/09\/RURALKUTXA.jpg","datePublished":"2023-09-18T10:35:27+00:00","dateModified":"2023-09-18T10:36:45+00:00","breadcrumb":{"@id":"https:\/\/www.gmf.eus\/eu\/proyecto-de-preservacion-de-la-toponimia-de-aizkorri-aratz\/#breadcrumb"},"inLanguage":"eu-ES","potentialAction":[{"@type":"ReadAction","target":["https:\/\/www.gmf.eus\/eu\/proyecto-de-preservacion-de-la-toponimia-de-aizkorri-aratz\/"]}]},{"@type":"ImageObject","inLanguage":"eu-ES","@id":"https:\/\/www.gmf.eus\/eu\/proyecto-de-preservacion-de-la-toponimia-de-aizkorri-aratz\/#primaryimage","url":"https:\/\/www.gmf.eus\/wp-content\/uploads\/2023\/09\/RURALKUTXA.jpg","contentUrl":"https:\/\/www.gmf.eus\/wp-content\/uploads\/2023\/09\/RURALKUTXA.jpg","width":1200,"height":1600},{"@type":"BreadcrumbList","@id":"https:\/\/www.gmf.eus\/eu\/proyecto-de-preservacion-de-la-toponimia-de-aizkorri-aratz\/#breadcrumb","itemListElement":[{"@type":"ListItem","position":1,"name":"Portada","item":"https:\/\/www.gmf.eus\/"},{"@type":"ListItem","position":2,"name":"Aizkorri-Aratzeko Toponimia babesteko egitasmoa"}]},{"@type":"WebSite","@id":"https:\/\/www.gmf.eus\/#website","url":"https:\/\/www.gmf.eus\/","name":"Gipuzkoako Mendizale Federazioa - Federaci\u00f3n de Monta\u00f1a de Gipuzkoa","description":"Federacion de monta\u00f1a de gipuzkoa, en la que encontrar\u00e1s noticias de escalada, cursos online, competici\u00f3n, senderismo, actualidad...","publisher":{"@id":"https:\/\/www.gmf.eus\/#organization"},"potentialAction":[{"@type":"SearchAction","target":{"@type":"EntryPoint","urlTemplate":"https:\/\/www.gmf.eus\/?s={search_term_string}"},"query-input":{"@type":"PropertyValueSpecification","valueRequired":true,"valueName":"search_term_string"}}],"inLanguage":"eu-ES"},{"@type":"Organization","@id":"https:\/\/www.gmf.eus\/#organization","name":"Gipuzkoako Mendizale Federazioa - Federaci\u00f3n de Monta\u00f1a de Gipuzkoa","url":"https:\/\/www.gmf.eus\/","logo":{"@type":"ImageObject","inLanguage":"eu-ES","@id":"https:\/\/www.gmf.eus\/#\/schema\/logo\/image\/","url":"https:\/\/www.gmf.eus\/wp-content\/uploads\/2022\/09\/GMF-logo_newsletter-1.png","contentUrl":"https:\/\/www.gmf.eus\/wp-content\/uploads\/2022\/09\/GMF-logo_newsletter-1.png","width":150,"height":68,"caption":"Gipuzkoako Mendizale Federazioa - Federaci\u00f3n de Monta\u00f1a de Gipuzkoa"},"image":{"@id":"https:\/\/www.gmf.eus\/#\/schema\/logo\/image\/"}},{"@type":"Person","@id":"https:\/\/www.gmf.eus\/#\/schema\/person\/597c1c59d31932f85ac5e90f1c8c609f","name":"GMF-FGM","image":{"@type":"ImageObject","inLanguage":"eu-ES","@id":"https:\/\/secure.gravatar.com\/avatar\/3de8ba06dec168886f51c3b8be42706dada78275742bca03e66af80032253424?s=96&d=blank&r=g","url":"https:\/\/secure.gravatar.com\/avatar\/3de8ba06dec168886f51c3b8be42706dada78275742bca03e66af80032253424?s=96&d=blank&r=g","contentUrl":"https:\/\/secure.gravatar.com\/avatar\/3de8ba06dec168886f51c3b8be42706dada78275742bca03e66af80032253424?s=96&d=blank&r=g","caption":"GMF-FGM"},"sameAs":["https:\/\/www.gmf.eus"],"url":"https:\/\/www.gmf.eus\/eu\/author\/administrazioa\/"}]}},"_links":{"self":[{"href":"https:\/\/www.gmf.eus\/eu\/wp-json\/wp\/v2\/posts\/229935","targetHints":{"allow":["GET"]}}],"collection":[{"href":"https:\/\/www.gmf.eus\/eu\/wp-json\/wp\/v2\/posts"}],"about":[{"href":"https:\/\/www.gmf.eus\/eu\/wp-json\/wp\/v2\/types\/post"}],"author":[{"embeddable":true,"href":"https:\/\/www.gmf.eus\/eu\/wp-json\/wp\/v2\/users\/1"}],"replies":[{"embeddable":true,"href":"https:\/\/www.gmf.eus\/eu\/wp-json\/wp\/v2\/comments?post=229935"}],"version-history":[{"count":0,"href":"https:\/\/www.gmf.eus\/eu\/wp-json\/wp\/v2\/posts\/229935\/revisions"}],"wp:featuredmedia":[{"embeddable":true,"href":"https:\/\/www.gmf.eus\/eu\/wp-json\/wp\/v2\/media\/229933"}],"wp:attachment":[{"href":"https:\/\/www.gmf.eus\/eu\/wp-json\/wp\/v2\/media?parent=229935"}],"wp:term":[{"taxonomy":"category","embeddable":true,"href":"https:\/\/www.gmf.eus\/eu\/wp-json\/wp\/v2\/categories?post=229935"},{"taxonomy":"post_tag","embeddable":true,"href":"https:\/\/www.gmf.eus\/eu\/wp-json\/wp\/v2\/tags?post=229935"}],"curies":[{"name":"wp","href":"https:\/\/api.w.org\/{rel}","templated":true}]}}