{"id":233605,"date":"2026-02-03T11:27:07","date_gmt":"2026-02-03T09:27:07","guid":{"rendered":"https:\/\/www.gmf.eus\/marchas-reguladas-xxxvii-concurso-de-montanismo-escolar\/"},"modified":"2026-02-03T11:31:15","modified_gmt":"2026-02-03T09:31:15","slug":"marchas-reguladas-xxxvii-concurso-de-montanismo-escolar","status":"publish","type":"post","link":"https:\/\/www.gmf.eus\/eu\/marchas-reguladas-xxxvii-concurso-de-montanismo-escolar\/","title":{"rendered":"Ibilaldi Neurtuak &#8211; Eskolarteko XXXVIII. Mendi Lehiaketa"},"content":{"rendered":"\n<p>Datorren martxoaren 15ean Eskolarteko XXXVIII. Mendi Lehiaketako Ibilaldi Neurtuak, Lezo, Hernani, Azkoitia, Lazkao eta Antzuolan ospatuko dira. Gipuzkoako ikastetxeetako ikasle guztiek parte hartu ahal izango dute Ibilaldi Neurtuetan, Eskola Mendizaletasuneko Lehiaketan izena emanda dutenek zein ez dutenek.<\/p>\n\n\n\n<p>Ibilaldi guztien parte-hartze oinarriak eta ibilbideen krokisak:<\/p>\n\n\n\n<p><\/p>\n\n\n\n<p><\/p>\n\n\n\n<div class=\"wp-block-buttons is-layout-flex wp-block-buttons-is-layout-flex\">\n<div class=\"wp-block-button\"><a class=\"wp-block-button__link wp-element-button\" href=\"https:\/\/www.dropbox.com\/scl\/fi\/qov33fxf0yublq3fml03o\/LEZO.pdf?rlkey=77fd8tt6ftulrxjoq5cz085mi&amp;st=40ltjdje&amp;dl=0\" target=\"_blank\" rel=\"noreferrer noopener\">Lezo<\/a><\/div>\n\n\n\n<div class=\"wp-block-button\"><a class=\"wp-block-button__link wp-element-button\" href=\"https:\/\/www.dropbox.com\/scl\/fi\/upqxcd4i5ujl8i3w76l7b\/HERNANI.pdf?rlkey=lde13nem5z2cp57cjd6jleowa&amp;st=c9m4xuk8&amp;dl=0\" target=\"_blank\" rel=\"noreferrer noopener\">Hernani<\/a><\/div>\n\n\n\n<div class=\"wp-block-button\"><a class=\"wp-block-button__link wp-element-button\" href=\"https:\/\/www.dropbox.com\/scl\/fi\/gi1q9feqljk8bwu0eakeb\/AZKOITIA.pdf?rlkey=a3sf25aoaqv0czv2zkt1bzxg7&amp;st=49xfcidn&amp;dl=0\" target=\"_blank\" rel=\"noreferrer noopener\">Azkoitia<\/a><\/div>\n\n\n\n<div class=\"wp-block-button\"><a class=\"wp-block-button__link wp-element-button\" href=\"https:\/\/www.dropbox.com\/scl\/fi\/s0j4oz65zdvozs9165ipd\/LAZKAO.pdf?rlkey=xqp1jklyw138ree1v4kn4p2e9&amp;st=2j44n45k&amp;dl=0\" target=\"_blank\" rel=\"noreferrer noopener\">Lazkao<\/a><\/div>\n\n\n\n<div class=\"wp-block-button\"><a class=\"wp-block-button__link wp-element-button\" href=\"https:\/\/www.dropbox.com\/scl\/fi\/tih1s97451gvv5nsfvym7\/ANTZUOLA.pdf?rlkey=tanl3lz2ga880egd8mizlb9fr&amp;st=iajhn6pj&amp;dl=0\" target=\"_blank\" rel=\"noreferrer noopener\">Antzuola<\/a><\/div>\n<\/div>\n\n\n\n<hr class=\"wp-block-separator has-alpha-channel-opacity is-style-wide\"\/>\n\n\n\n<figure class=\"wp-block-image size-full\"><img loading=\"lazy\" decoding=\"async\" width=\"443\" height=\"925\" src=\"https:\/\/www.gmf.eus\/wp-content\/uploads\/2025\/02\/PORTADA.jpg\" alt=\"\" class=\"wp-image-235407\" srcset=\"https:\/\/www.gmf.eus\/wp-content\/uploads\/2025\/02\/PORTADA.jpg 443w, https:\/\/www.gmf.eus\/wp-content\/uploads\/2025\/02\/PORTADA-144x300.jpg 144w\" sizes=\"(max-width: 443px) 100vw, 443px\" \/><\/figure>\n","protected":false},"excerpt":{"rendered":"<p>Datorren martxoaren 15ean Eskolarteko XXXVIII. Mendi Lehiaketako Ibilaldi Neurtuak, Lezo, Hernani, Azkoitia, Lazkao eta Antzuolan ospatuko dira. Gipuzkoako ikastetxeetako ikasle guztiek parte hartu ahal izango dute Ibilaldi Neurtuetan, Eskola Mendizaletasuneko Lehiaketan izena emanda dutenek zein ez dutenek. Ibilaldi guztien parte-hartze oinarriak eta ibilbideen krokisak:<\/p>\n","protected":false},"author":1,"featured_media":233846,"comment_status":"open","ping_status":"closed","sticky":false,"template":"","format":"standard","meta":{"_acf_changed":false,"_et_pb_use_builder":"off","_et_pb_old_content":"","_et_gb_content_width":"","footnotes":""},"categories":[569],"tags":[],"class_list":["post-233605","post","type-post","status-publish","format-standard","has-post-thumbnail","hentry","category-denetarik"],"acf":[],"yoast_head":"<!-- This site is optimized with the Yoast SEO plugin v27.5 - https:\/\/yoast.com\/product\/yoast-seo-wordpress\/ -->\n<title>Ibilaldi Neurtuak - Eskolarteko XXXVIII. Mendi Lehiaketa - Gipuzkoako Mendizale Federazioa - Federaci\u00f3n de Monta\u00f1a de Gipuzkoa<\/title>\n<meta name=\"robots\" content=\"index, follow, max-snippet:-1, max-image-preview:large, max-video-preview:-1\" \/>\n<link rel=\"canonical\" href=\"https:\/\/www.gmf.eus\/eu\/marchas-reguladas-xxxvii-concurso-de-montanismo-escolar\/\" \/>\n<meta property=\"og:locale\" content=\"eu_ES\" \/>\n<meta property=\"og:type\" content=\"article\" \/>\n<meta property=\"og:title\" content=\"Ibilaldi Neurtuak - Eskolarteko XXXVIII. Mendi Lehiaketa - Gipuzkoako Mendizale Federazioa - Federaci\u00f3n de Monta\u00f1a de Gipuzkoa\" \/>\n<meta property=\"og:description\" content=\"Datorren martxoaren 15ean Eskolarteko XXXVIII. Mendi Lehiaketako Ibilaldi Neurtuak, Lezo, Hernani, Azkoitia, Lazkao eta Antzuolan ospatuko dira. Gipuzkoako ikastetxeetako ikasle guztiek parte hartu ahal izango dute Ibilaldi Neurtuetan, Eskola Mendizaletasuneko Lehiaketan izena emanda dutenek zein ez dutenek. Ibilaldi guztien parte-hartze oinarriak eta ibilbideen krokisak:\" \/>\n<meta property=\"og:site_name\" content=\"Gipuzkoako Mendizale Federazioa - Federaci\u00f3n de Monta\u00f1a de Gipuzkoa\" \/>\n<meta property=\"article:published_time\" content=\"2026-02-03T09:27:07+00:00\" \/>\n<meta property=\"article:modified_time\" content=\"2026-02-03T09:31:15+00:00\" \/>\n<meta property=\"og:image\" content=\"https:\/\/www.gmf.eus\/wp-content\/uploads\/2024\/03\/Urdaburu3.jpg\" \/>\n\t<meta property=\"og:image:width\" content=\"1600\" \/>\n\t<meta property=\"og:image:height\" content=\"1200\" \/>\n\t<meta property=\"og:image:type\" content=\"image\/jpeg\" \/>\n<meta name=\"author\" content=\"GMF-FGM\" \/>\n<meta name=\"twitter:card\" content=\"summary_large_image\" \/>\n<meta name=\"twitter:label1\" content=\"Written by\" \/>\n\t<meta name=\"twitter:data1\" content=\"GMF-FGM\" \/>\n\t<meta name=\"twitter:label2\" content=\"Est. reading time\" \/>\n\t<meta name=\"twitter:data2\" content=\"1 minute\" \/>\n<script type=\"application\/ld+json\" class=\"yoast-schema-graph\">{\"@context\":\"https:\\\/\\\/schema.org\",\"@graph\":[{\"@type\":\"Article\",\"@id\":\"https:\\\/\\\/www.gmf.eus\\\/eu\\\/marchas-reguladas-xxxvii-concurso-de-montanismo-escolar\\\/#article\",\"isPartOf\":{\"@id\":\"https:\\\/\\\/www.gmf.eus\\\/eu\\\/marchas-reguladas-xxxvii-concurso-de-montanismo-escolar\\\/\"},\"author\":{\"name\":\"GMF-FGM\",\"@id\":\"https:\\\/\\\/www.gmf.eus\\\/#\\\/schema\\\/person\\\/597c1c59d31932f85ac5e90f1c8c609f\"},\"headline\":\"Ibilaldi Neurtuak &#8211; Eskolarteko XXXVIII. Mendi Lehiaketa\",\"datePublished\":\"2026-02-03T09:27:07+00:00\",\"dateModified\":\"2026-02-03T09:31:15+00:00\",\"mainEntityOfPage\":{\"@id\":\"https:\\\/\\\/www.gmf.eus\\\/eu\\\/marchas-reguladas-xxxvii-concurso-de-montanismo-escolar\\\/\"},\"wordCount\":56,\"commentCount\":0,\"publisher\":{\"@id\":\"https:\\\/\\\/www.gmf.eus\\\/#organization\"},\"image\":{\"@id\":\"https:\\\/\\\/www.gmf.eus\\\/eu\\\/marchas-reguladas-xxxvii-concurso-de-montanismo-escolar\\\/#primaryimage\"},\"thumbnailUrl\":\"https:\\\/\\\/www.gmf.eus\\\/wp-content\\\/uploads\\\/2024\\\/03\\\/Urdaburu3.jpg\",\"articleSection\":[\"Denetarik\"],\"inLanguage\":\"eu-ES\",\"potentialAction\":[{\"@type\":\"CommentAction\",\"name\":\"Comment\",\"target\":[\"https:\\\/\\\/www.gmf.eus\\\/eu\\\/marchas-reguladas-xxxvii-concurso-de-montanismo-escolar\\\/#respond\"]}]},{\"@type\":\"WebPage\",\"@id\":\"https:\\\/\\\/www.gmf.eus\\\/eu\\\/marchas-reguladas-xxxvii-concurso-de-montanismo-escolar\\\/\",\"url\":\"https:\\\/\\\/www.gmf.eus\\\/eu\\\/marchas-reguladas-xxxvii-concurso-de-montanismo-escolar\\\/\",\"name\":\"Ibilaldi Neurtuak - Eskolarteko XXXVIII. Mendi Lehiaketa - Gipuzkoako Mendizale Federazioa - Federaci\u00f3n de Monta\u00f1a de Gipuzkoa\",\"isPartOf\":{\"@id\":\"https:\\\/\\\/www.gmf.eus\\\/#website\"},\"primaryImageOfPage\":{\"@id\":\"https:\\\/\\\/www.gmf.eus\\\/eu\\\/marchas-reguladas-xxxvii-concurso-de-montanismo-escolar\\\/#primaryimage\"},\"image\":{\"@id\":\"https:\\\/\\\/www.gmf.eus\\\/eu\\\/marchas-reguladas-xxxvii-concurso-de-montanismo-escolar\\\/#primaryimage\"},\"thumbnailUrl\":\"https:\\\/\\\/www.gmf.eus\\\/wp-content\\\/uploads\\\/2024\\\/03\\\/Urdaburu3.jpg\",\"datePublished\":\"2026-02-03T09:27:07+00:00\",\"dateModified\":\"2026-02-03T09:31:15+00:00\",\"breadcrumb\":{\"@id\":\"https:\\\/\\\/www.gmf.eus\\\/eu\\\/marchas-reguladas-xxxvii-concurso-de-montanismo-escolar\\\/#breadcrumb\"},\"inLanguage\":\"eu-ES\",\"potentialAction\":[{\"@type\":\"ReadAction\",\"target\":[\"https:\\\/\\\/www.gmf.eus\\\/eu\\\/marchas-reguladas-xxxvii-concurso-de-montanismo-escolar\\\/\"]}]},{\"@type\":\"ImageObject\",\"inLanguage\":\"eu-ES\",\"@id\":\"https:\\\/\\\/www.gmf.eus\\\/eu\\\/marchas-reguladas-xxxvii-concurso-de-montanismo-escolar\\\/#primaryimage\",\"url\":\"https:\\\/\\\/www.gmf.eus\\\/wp-content\\\/uploads\\\/2024\\\/03\\\/Urdaburu3.jpg\",\"contentUrl\":\"https:\\\/\\\/www.gmf.eus\\\/wp-content\\\/uploads\\\/2024\\\/03\\\/Urdaburu3.jpg\",\"width\":1600,\"height\":1200},{\"@type\":\"BreadcrumbList\",\"@id\":\"https:\\\/\\\/www.gmf.eus\\\/eu\\\/marchas-reguladas-xxxvii-concurso-de-montanismo-escolar\\\/#breadcrumb\",\"itemListElement\":[{\"@type\":\"ListItem\",\"position\":1,\"name\":\"Portada\",\"item\":\"https:\\\/\\\/www.gmf.eus\\\/\"},{\"@type\":\"ListItem\",\"position\":2,\"name\":\"Ibilaldi Neurtuak &#8211; Eskolarteko XXXVIII. Mendi Lehiaketa\"}]},{\"@type\":\"WebSite\",\"@id\":\"https:\\\/\\\/www.gmf.eus\\\/#website\",\"url\":\"https:\\\/\\\/www.gmf.eus\\\/\",\"name\":\"Gipuzkoako Mendizale Federazioa - Federaci\u00f3n de Monta\u00f1a de Gipuzkoa\",\"description\":\"Federacion de monta\u00f1a de gipuzkoa, en la que encontrar\u00e1s noticias de escalada, cursos online, competici\u00f3n, senderismo, actualidad...\",\"publisher\":{\"@id\":\"https:\\\/\\\/www.gmf.eus\\\/#organization\"},\"potentialAction\":[{\"@type\":\"SearchAction\",\"target\":{\"@type\":\"EntryPoint\",\"urlTemplate\":\"https:\\\/\\\/www.gmf.eus\\\/?s={search_term_string}\"},\"query-input\":{\"@type\":\"PropertyValueSpecification\",\"valueRequired\":true,\"valueName\":\"search_term_string\"}}],\"inLanguage\":\"eu-ES\"},{\"@type\":\"Organization\",\"@id\":\"https:\\\/\\\/www.gmf.eus\\\/#organization\",\"name\":\"Gipuzkoako Mendizale Federazioa - Federaci\u00f3n de Monta\u00f1a de Gipuzkoa\",\"url\":\"https:\\\/\\\/www.gmf.eus\\\/\",\"logo\":{\"@type\":\"ImageObject\",\"inLanguage\":\"eu-ES\",\"@id\":\"https:\\\/\\\/www.gmf.eus\\\/#\\\/schema\\\/logo\\\/image\\\/\",\"url\":\"https:\\\/\\\/www.gmf.eus\\\/wp-content\\\/uploads\\\/2022\\\/09\\\/GMF-logo_newsletter-1.png\",\"contentUrl\":\"https:\\\/\\\/www.gmf.eus\\\/wp-content\\\/uploads\\\/2022\\\/09\\\/GMF-logo_newsletter-1.png\",\"width\":150,\"height\":68,\"caption\":\"Gipuzkoako Mendizale Federazioa - Federaci\u00f3n de Monta\u00f1a de Gipuzkoa\"},\"image\":{\"@id\":\"https:\\\/\\\/www.gmf.eus\\\/#\\\/schema\\\/logo\\\/image\\\/\"}},{\"@type\":\"Person\",\"@id\":\"https:\\\/\\\/www.gmf.eus\\\/#\\\/schema\\\/person\\\/597c1c59d31932f85ac5e90f1c8c609f\",\"name\":\"GMF-FGM\",\"image\":{\"@type\":\"ImageObject\",\"inLanguage\":\"eu-ES\",\"@id\":\"https:\\\/\\\/secure.gravatar.com\\\/avatar\\\/3de8ba06dec168886f51c3b8be42706dada78275742bca03e66af80032253424?s=96&d=blank&r=g\",\"url\":\"https:\\\/\\\/secure.gravatar.com\\\/avatar\\\/3de8ba06dec168886f51c3b8be42706dada78275742bca03e66af80032253424?s=96&d=blank&r=g\",\"contentUrl\":\"https:\\\/\\\/secure.gravatar.com\\\/avatar\\\/3de8ba06dec168886f51c3b8be42706dada78275742bca03e66af80032253424?s=96&d=blank&r=g\",\"caption\":\"GMF-FGM\"},\"sameAs\":[\"https:\\\/\\\/www.gmf.eus\"],\"url\":\"https:\\\/\\\/www.gmf.eus\\\/eu\\\/author\\\/administrazioa\\\/\"}]}<\/script>\n<!-- \/ Yoast SEO plugin. -->","yoast_head_json":{"title":"Ibilaldi Neurtuak - Eskolarteko XXXVIII. Mendi Lehiaketa - Gipuzkoako Mendizale Federazioa - Federaci\u00f3n de Monta\u00f1a de Gipuzkoa","robots":{"index":"index","follow":"follow","max-snippet":"max-snippet:-1","max-image-preview":"max-image-preview:large","max-video-preview":"max-video-preview:-1"},"canonical":"https:\/\/www.gmf.eus\/eu\/marchas-reguladas-xxxvii-concurso-de-montanismo-escolar\/","og_locale":"eu_ES","og_type":"article","og_title":"Ibilaldi Neurtuak - Eskolarteko XXXVIII. Mendi Lehiaketa - Gipuzkoako Mendizale Federazioa - Federaci\u00f3n de Monta\u00f1a de Gipuzkoa","og_description":"Datorren martxoaren 15ean Eskolarteko XXXVIII. Mendi Lehiaketako Ibilaldi Neurtuak, Lezo, Hernani, Azkoitia, Lazkao eta Antzuolan ospatuko dira. Gipuzkoako ikastetxeetako ikasle guztiek parte hartu ahal izango dute Ibilaldi Neurtuetan, Eskola Mendizaletasuneko Lehiaketan izena emanda dutenek zein ez dutenek. Ibilaldi guztien parte-hartze oinarriak eta ibilbideen krokisak:","og_site_name":"Gipuzkoako Mendizale Federazioa - Federaci\u00f3n de Monta\u00f1a de Gipuzkoa","article_published_time":"2026-02-03T09:27:07+00:00","article_modified_time":"2026-02-03T09:31:15+00:00","og_image":[{"width":1600,"height":1200,"url":"https:\/\/www.gmf.eus\/wp-content\/uploads\/2024\/03\/Urdaburu3.jpg","type":"image\/jpeg"}],"author":"GMF-FGM","twitter_card":"summary_large_image","twitter_misc":{"Written by":"GMF-FGM","Est. reading time":"1 minute"},"schema":{"@context":"https:\/\/schema.org","@graph":[{"@type":"Article","@id":"https:\/\/www.gmf.eus\/eu\/marchas-reguladas-xxxvii-concurso-de-montanismo-escolar\/#article","isPartOf":{"@id":"https:\/\/www.gmf.eus\/eu\/marchas-reguladas-xxxvii-concurso-de-montanismo-escolar\/"},"author":{"name":"GMF-FGM","@id":"https:\/\/www.gmf.eus\/#\/schema\/person\/597c1c59d31932f85ac5e90f1c8c609f"},"headline":"Ibilaldi Neurtuak &#8211; Eskolarteko XXXVIII. Mendi Lehiaketa","datePublished":"2026-02-03T09:27:07+00:00","dateModified":"2026-02-03T09:31:15+00:00","mainEntityOfPage":{"@id":"https:\/\/www.gmf.eus\/eu\/marchas-reguladas-xxxvii-concurso-de-montanismo-escolar\/"},"wordCount":56,"commentCount":0,"publisher":{"@id":"https:\/\/www.gmf.eus\/#organization"},"image":{"@id":"https:\/\/www.gmf.eus\/eu\/marchas-reguladas-xxxvii-concurso-de-montanismo-escolar\/#primaryimage"},"thumbnailUrl":"https:\/\/www.gmf.eus\/wp-content\/uploads\/2024\/03\/Urdaburu3.jpg","articleSection":["Denetarik"],"inLanguage":"eu-ES","potentialAction":[{"@type":"CommentAction","name":"Comment","target":["https:\/\/www.gmf.eus\/eu\/marchas-reguladas-xxxvii-concurso-de-montanismo-escolar\/#respond"]}]},{"@type":"WebPage","@id":"https:\/\/www.gmf.eus\/eu\/marchas-reguladas-xxxvii-concurso-de-montanismo-escolar\/","url":"https:\/\/www.gmf.eus\/eu\/marchas-reguladas-xxxvii-concurso-de-montanismo-escolar\/","name":"Ibilaldi Neurtuak - Eskolarteko XXXVIII. Mendi Lehiaketa - Gipuzkoako Mendizale Federazioa - Federaci\u00f3n de Monta\u00f1a de Gipuzkoa","isPartOf":{"@id":"https:\/\/www.gmf.eus\/#website"},"primaryImageOfPage":{"@id":"https:\/\/www.gmf.eus\/eu\/marchas-reguladas-xxxvii-concurso-de-montanismo-escolar\/#primaryimage"},"image":{"@id":"https:\/\/www.gmf.eus\/eu\/marchas-reguladas-xxxvii-concurso-de-montanismo-escolar\/#primaryimage"},"thumbnailUrl":"https:\/\/www.gmf.eus\/wp-content\/uploads\/2024\/03\/Urdaburu3.jpg","datePublished":"2026-02-03T09:27:07+00:00","dateModified":"2026-02-03T09:31:15+00:00","breadcrumb":{"@id":"https:\/\/www.gmf.eus\/eu\/marchas-reguladas-xxxvii-concurso-de-montanismo-escolar\/#breadcrumb"},"inLanguage":"eu-ES","potentialAction":[{"@type":"ReadAction","target":["https:\/\/www.gmf.eus\/eu\/marchas-reguladas-xxxvii-concurso-de-montanismo-escolar\/"]}]},{"@type":"ImageObject","inLanguage":"eu-ES","@id":"https:\/\/www.gmf.eus\/eu\/marchas-reguladas-xxxvii-concurso-de-montanismo-escolar\/#primaryimage","url":"https:\/\/www.gmf.eus\/wp-content\/uploads\/2024\/03\/Urdaburu3.jpg","contentUrl":"https:\/\/www.gmf.eus\/wp-content\/uploads\/2024\/03\/Urdaburu3.jpg","width":1600,"height":1200},{"@type":"BreadcrumbList","@id":"https:\/\/www.gmf.eus\/eu\/marchas-reguladas-xxxvii-concurso-de-montanismo-escolar\/#breadcrumb","itemListElement":[{"@type":"ListItem","position":1,"name":"Portada","item":"https:\/\/www.gmf.eus\/"},{"@type":"ListItem","position":2,"name":"Ibilaldi Neurtuak &#8211; Eskolarteko XXXVIII. Mendi Lehiaketa"}]},{"@type":"WebSite","@id":"https:\/\/www.gmf.eus\/#website","url":"https:\/\/www.gmf.eus\/","name":"Gipuzkoako Mendizale Federazioa - Federaci\u00f3n de Monta\u00f1a de Gipuzkoa","description":"Federacion de monta\u00f1a de gipuzkoa, en la que encontrar\u00e1s noticias de escalada, cursos online, competici\u00f3n, senderismo, actualidad...","publisher":{"@id":"https:\/\/www.gmf.eus\/#organization"},"potentialAction":[{"@type":"SearchAction","target":{"@type":"EntryPoint","urlTemplate":"https:\/\/www.gmf.eus\/?s={search_term_string}"},"query-input":{"@type":"PropertyValueSpecification","valueRequired":true,"valueName":"search_term_string"}}],"inLanguage":"eu-ES"},{"@type":"Organization","@id":"https:\/\/www.gmf.eus\/#organization","name":"Gipuzkoako Mendizale Federazioa - Federaci\u00f3n de Monta\u00f1a de Gipuzkoa","url":"https:\/\/www.gmf.eus\/","logo":{"@type":"ImageObject","inLanguage":"eu-ES","@id":"https:\/\/www.gmf.eus\/#\/schema\/logo\/image\/","url":"https:\/\/www.gmf.eus\/wp-content\/uploads\/2022\/09\/GMF-logo_newsletter-1.png","contentUrl":"https:\/\/www.gmf.eus\/wp-content\/uploads\/2022\/09\/GMF-logo_newsletter-1.png","width":150,"height":68,"caption":"Gipuzkoako Mendizale Federazioa - Federaci\u00f3n de Monta\u00f1a de Gipuzkoa"},"image":{"@id":"https:\/\/www.gmf.eus\/#\/schema\/logo\/image\/"}},{"@type":"Person","@id":"https:\/\/www.gmf.eus\/#\/schema\/person\/597c1c59d31932f85ac5e90f1c8c609f","name":"GMF-FGM","image":{"@type":"ImageObject","inLanguage":"eu-ES","@id":"https:\/\/secure.gravatar.com\/avatar\/3de8ba06dec168886f51c3b8be42706dada78275742bca03e66af80032253424?s=96&d=blank&r=g","url":"https:\/\/secure.gravatar.com\/avatar\/3de8ba06dec168886f51c3b8be42706dada78275742bca03e66af80032253424?s=96&d=blank&r=g","contentUrl":"https:\/\/secure.gravatar.com\/avatar\/3de8ba06dec168886f51c3b8be42706dada78275742bca03e66af80032253424?s=96&d=blank&r=g","caption":"GMF-FGM"},"sameAs":["https:\/\/www.gmf.eus"],"url":"https:\/\/www.gmf.eus\/eu\/author\/administrazioa\/"}]}},"_links":{"self":[{"href":"https:\/\/www.gmf.eus\/eu\/wp-json\/wp\/v2\/posts\/233605","targetHints":{"allow":["GET"]}}],"collection":[{"href":"https:\/\/www.gmf.eus\/eu\/wp-json\/wp\/v2\/posts"}],"about":[{"href":"https:\/\/www.gmf.eus\/eu\/wp-json\/wp\/v2\/types\/post"}],"author":[{"embeddable":true,"href":"https:\/\/www.gmf.eus\/eu\/wp-json\/wp\/v2\/users\/1"}],"replies":[{"embeddable":true,"href":"https:\/\/www.gmf.eus\/eu\/wp-json\/wp\/v2\/comments?post=233605"}],"version-history":[{"count":1,"href":"https:\/\/www.gmf.eus\/eu\/wp-json\/wp\/v2\/posts\/233605\/revisions"}],"predecessor-version":[{"id":235410,"href":"https:\/\/www.gmf.eus\/eu\/wp-json\/wp\/v2\/posts\/233605\/revisions\/235410"}],"wp:featuredmedia":[{"embeddable":true,"href":"https:\/\/www.gmf.eus\/eu\/wp-json\/wp\/v2\/media\/233846"}],"wp:attachment":[{"href":"https:\/\/www.gmf.eus\/eu\/wp-json\/wp\/v2\/media?parent=233605"}],"wp:term":[{"taxonomy":"category","embeddable":true,"href":"https:\/\/www.gmf.eus\/eu\/wp-json\/wp\/v2\/categories?post=233605"},{"taxonomy":"post_tag","embeddable":true,"href":"https:\/\/www.gmf.eus\/eu\/wp-json\/wp\/v2\/tags?post=233605"}],"curies":[{"name":"wp","href":"https:\/\/api.w.org\/{rel}","templated":true}]}}